{"id":94783,"date":"2021-12-14T15:52:24","date_gmt":"2021-12-14T20:52:24","guid":{"rendered":"http:\/\/formalprision.com\/?p=94783"},"modified":"2021-12-15T07:21:26","modified_gmt":"2021-12-15T12:21:26","slug":"lo-condenan-a-70-anos-de-prision-por-matar-a-sus-padres-en-municipio-yucateco","status":"publish","type":"post","link":"https:\/\/formalprision.com\/?p=94783","title":{"rendered":"Le dan 70 a\u00f1os de prisi\u00f3n por matar a sus padres en Yucat\u00e1n"},"content":{"rendered":"\n<p>Tras ser encontrado penalmente responsable del delito de homicidio en raz\u00f3n de parentesco, al dar muerte a sus padres a machetazos en el municipio de Hoct\u00fan en febrero de 2020, M.A.H.C. fue sentenciado a 70 a\u00f1os de prisi\u00f3n.<\/p>\n\n\n\n<p>Despu\u00e9s de los alegatos \u00fanicos de individualizaci\u00f3n de sanciones, se solicit\u00f3 la sentencia condenatoria, la cual fue otorgada por unanimidad de votos y se estableci\u00f3 su ingreso al \u00e1rea para inimputables del Centro de Reinserci\u00f3n Social (CERESO) tras la recomendaci\u00f3n de un psiquiatra, quien indic\u00f3 que en dicho Centro se cuenta con m\u00e1s espacio y actividades para los procesados, adem\u00e1s de que se solicit\u00f3 que el sentenciado contin\u00fae con su tratamiento psiqui\u00e1trico.<\/p>\n\n\n\n<p>Tras conocerse que la suma de los a\u00f1os de sanci\u00f3n por cada delito cometido (35 a\u00f1os por cada persona fallecida) excede de los 60 a\u00f1os de c\u00e1rcel que marca la Ley, los jueces determinaron que el imputado estar\u00e1 privado de su libertad durante 60 a\u00f1os, en apego a lo estipulado en el C\u00f3digo Penal.<\/p>\n\n\n\n<p>Cabe recordar que, durante su etapa inicial, el caso fue desahogado bajo la causa penal 21\/2020 en el Juzgado de Control del Segundo Distrito Judicial con sede en Kanas\u00edn, donde los fiscales de litigaci\u00f3n establecieron en su momento que los hechos ocurrieron el 18 de febrero del a\u00f1o 2020 en un predio de la colonia Santa Mar\u00eda, de Hoct\u00fan, donde el sentenciado atac\u00f3 a sus padres con un machete y les provoc\u00f3 lesiones que les causaron la muerte.<\/p>\n\n\n\n<p>En la continuaci\u00f3n del proceso, el caso se desarroll\u00f3 ante el Tribunal Primero de Juicio Oral, cuyos integrantes valoraron las pruebas periciales, documentales y testimoniales aportadas por la FGE y otorgaron el citado fallo condenatorio y las sanciones se\u00f1aladas.<\/p>\n","protected":false},"excerpt":{"rendered":"<p>Tras ser encontrado penalmente responsable del delito de homicidio en raz\u00f3n de parentesco, al dar muerte a sus padres a machetazos en el municipio de Hoct\u00fan en febrero de 2020,<\/p>\n","protected":false},"author":2,"featured_media":94785,"comment_status":"open","ping_status":"open","sticky":false,"template":"","format":"standard","meta":{"jetpack_post_was_ever_published":false,"_jetpack_newsletter_access":"","_jetpack_dont_email_post_to_subs":false,"_jetpack_newsletter_tier_id":0,"_jetpack_memberships_contains_paywalled_content":false,"_jetpack_memberships_contains_paid_content":false,"footnotes":"","jetpack_publicize_message":"Le dieron 35 a\u00f1os de prisi\u00f3n por cada uno de sus padres asesinados a machetazos en Hoct\u00fan, pero solo pasar\u00e1 60 a\u00f1os en Cereso.","jetpack_publicize_feature_enabled":true,"jetpack_social_post_already_shared":true,"jetpack_social_options":{"image_generator_settings":{"template":"highway","default_image_id":0,"font":"","enabled":false},"version":2}},"categories":[54],"tags":[],"class_list":["post-94783","post","type-post","status-publish","format-standard","has-post-thumbnail","hentry","category-yucatan"],"jetpack_publicize_connections":[],"jetpack_featured_media_url":"https:\/\/formalprision.com\/wp-content\/uploads\/2021\/12\/hoct1.jpg","jetpack_sharing_enabled":true,"jetpack_shortlink":"https:\/\/wp.me\/p6id8p-oEL","_links":{"self":[{"href":"https:\/\/formalprision.com\/index.php?rest_route=\/wp\/v2\/posts\/94783","targetHints":{"allow":["GET"]}}],"collection":[{"href":"https:\/\/formalprision.com\/index.php?rest_route=\/wp\/v2\/posts"}],"about":[{"href":"https:\/\/formalprision.com\/index.php?rest_route=\/wp\/v2\/types\/post"}],"author":[{"embeddable":true,"href":"https:\/\/formalprision.com\/index.php?rest_route=\/wp\/v2\/users\/2"}],"replies":[{"embeddable":true,"href":"https:\/\/formalprision.com\/index.php?rest_route=%2Fwp%2Fv2%2Fcomments&post=94783"}],"version-history":[{"count":0,"href":"https:\/\/formalprision.com\/index.php?rest_route=\/wp\/v2\/posts\/94783\/revisions"}],"wp:featuredmedia":[{"embeddable":true,"href":"https:\/\/formalprision.com\/index.php?rest_route=\/wp\/v2\/media\/94785"}],"wp:attachment":[{"href":"https:\/\/formalprision.com\/index.php?rest_route=%2Fwp%2Fv2%2Fmedia&parent=94783"}],"wp:term":[{"taxonomy":"category","embeddable":true,"href":"https:\/\/formalprision.com\/index.php?rest_route=%2Fwp%2Fv2%2Fcategories&post=94783"},{"taxonomy":"post_tag","embeddable":true,"href":"https:\/\/formalprision.com\/index.php?rest_route=%2Fwp%2Fv2%2Ftags&post=94783"}],"curies":[{"name":"wp","href":"https:\/\/api.w.org\/{rel}","templated":true}]}}