{"id":94786,"date":"2021-12-14T19:26:38","date_gmt":"2021-12-15T00:26:38","guid":{"rendered":"http:\/\/formalprision.com\/?p=94786"},"modified":"2021-12-16T02:20:49","modified_gmt":"2021-12-16T07:20:49","slug":"cuarto-dia-con-una-sola-defuncion-de-covid-19-en-yucatan","status":"publish","type":"post","link":"https:\/\/formalprision.com\/?p=94786","title":{"rendered":"Cuarto d\u00eda con una sola defunci\u00f3n de Covid-19 en Yucat\u00e1n"},"content":{"rendered":"\n<p>La Secretar\u00eda de Salud informa que este martes 14 de diciembre se reporta una sola defunci\u00f3n por Covid-19 en Yucat\u00e1n, correspondiente a una mujer de 66 a\u00f1os de Ticul.<\/p>\n\n\n\n<p>Tambi\u00e9n se registran 35 pacientes en hospitales p\u00fablicos y 11 nuevos contagios de Coronavirus en el estado.<\/p>\n\n\n\n<p>Es el cuarto d\u00eda consecutivo que se registra una sola defunci\u00f3n por Covid-19 en Yucat\u00e1n.<\/p>\n\n\n\n<p>Ayer inici\u00f3 la aplicaci\u00f3n simultanea de la primera dosis de la vacuna contra el Coronavirus para adolescentes de 15 a 17 a\u00f1os de edad y el refuerzo a los adultos mayores de 38 municipios de Yucat\u00e1n.<\/p>\n\n\n\n<p>De igual forma, del 16 al 21 de diciembre se llevar\u00e1 a cabo en M\u00e9rida la aplicaci\u00f3n del refuerzo de la vacuna contra el Coronavirus para adultos mayores, en los dos macrocentros, ubicados en el Centro de Convenciones Yucat\u00e1n Siglo XXI y el Multigimnasio \u00abSocorro Cer\u00f3n\u00bb de la Unidad Deportiva \u00abKukulc\u00e1n\u201d. Asimismo, y para continuar avanzando en este proceso, del 15 al 17 de diciembre se vacunar\u00e1 al mismo sector de la poblaci\u00f3n de 20 municipios del interior del estado.<\/p>\n\n\n\n<figure class=\"wp-block-image size-full\"><a href=\"http:\/\/formalprision.com\/wp-content\/uploads\/2021\/12\/205c2d02-4e34-411c-adfe-d4d07012efc3.jpg\"><img loading=\"lazy\" decoding=\"async\" width=\"800\" height=\"569\" src=\"http:\/\/formalprision.com\/wp-content\/uploads\/2021\/12\/205c2d02-4e34-411c-adfe-d4d07012efc3.jpg\" alt=\"\" class=\"wp-image-94790\" srcset=\"https:\/\/formalprision.com\/wp-content\/uploads\/2021\/12\/205c2d02-4e34-411c-adfe-d4d07012efc3.jpg 800w, https:\/\/formalprision.com\/wp-content\/uploads\/2021\/12\/205c2d02-4e34-411c-adfe-d4d07012efc3-300x213.jpg 300w, https:\/\/formalprision.com\/wp-content\/uploads\/2021\/12\/205c2d02-4e34-411c-adfe-d4d07012efc3-768x546.jpg 768w\" sizes=\"auto, (max-width: 800px) 100vw, 800px\" \/><\/a><\/figure>\n\n\n\n<p>Este es el parte m\u00e9dico de este martes 14 de diciembre:<\/p>\n\n\n\n<p>Como se ha se\u00f1alado, en la reapertura econ\u00f3mica los datos m\u00e1s importantes son la ocupaci\u00f3n hospitalaria y los ingresos diarios. El d\u00eda de hoy tenemos 35 pacientes en hospitales p\u00fablicos.<\/p>\n\n\n\n<p>70,848 pacientes ya se recuperaron: no presentan s\u00edntomas ni pueden contagiar. Esta cifra representa el 91% del total de contagios registrados, que es 77,532.<\/p>\n\n\n\n<p>&nbsp;Hoy se detectaron 11 nuevos contagios de Coronavirus:<\/p>\n\n\n\n<p>&nbsp;5 en M\u00e9rida<\/p>\n\n\n\n<p>1 en Chochol\u00e1, Dzilam de Bravo, Izamal, Opich\u00e9n, Tekax y Um\u00e1n<\/p>\n\n\n\n<p>De los 77,532 casos positivos, 610 son de otro pa\u00eds u otro estado.<\/p>\n\n\n\n<p>Espec\u00edficamente, en M\u00e9rida se han diagnosticado 47,383 personas contagiadas de Coronavirus (casos acumulados al 13 de diciembre), que viven en:<\/p>\n\n\n\n<p>12,236 en la zona Norte<\/p>\n\n\n\n<p>11,692 en la zona Oriente<\/p>\n\n\n\n<p>4,615 en la zona Centro<\/p>\n\n\n\n<p>7,320 en la zona Sur<\/p>\n\n\n\n<p>11,520 en la zona Poniente<\/p>\n\n\n\n<figure class=\"wp-block-image size-full\"><a href=\"http:\/\/formalprision.com\/wp-content\/uploads\/2021\/12\/9e090083-1b5f-4871-8063-513dec3a1535.jpg\"><img loading=\"lazy\" decoding=\"async\" width=\"800\" height=\"540\" src=\"http:\/\/formalprision.com\/wp-content\/uploads\/2021\/12\/9e090083-1b5f-4871-8063-513dec3a1535.jpg\" alt=\"\" class=\"wp-image-94789\" srcset=\"https:\/\/formalprision.com\/wp-content\/uploads\/2021\/12\/9e090083-1b5f-4871-8063-513dec3a1535.jpg 800w, https:\/\/formalprision.com\/wp-content\/uploads\/2021\/12\/9e090083-1b5f-4871-8063-513dec3a1535-300x203.jpg 300w, https:\/\/formalprision.com\/wp-content\/uploads\/2021\/12\/9e090083-1b5f-4871-8063-513dec3a1535-768x518.jpg 768w\" sizes=\"auto, (max-width: 800px) 100vw, 800px\" \/><\/a><\/figure>\n\n\n\n<p>Lamentablemente, en este parte m\u00e9dico informamos de 1 fallecimiento:<\/p>\n\n\n\n<p>1.- Femenino de 66 a\u00f1os de Ticul&nbsp;&nbsp;&nbsp;&nbsp;&nbsp;&nbsp;&nbsp;&nbsp; HAS\/Obesidad<\/p>\n\n\n\n<p>Siglas: HIPERTENSI\u00d3N ARTERIAL SIST\u00c9MICA (HAS), DIABETES MELLITUS (DM) e INSUFICIENCIA RENAL CR\u00d3NICA (IRC).<\/p>\n\n\n\n<p>En total, son 6,467 las personas fallecidas a causa del Coronavirus.<\/p>\n\n\n\n<p>De los casos activos, 182 est\u00e1n estables, aislados, monitoreados por personal m\u00e9dico de la SSY; presentan s\u00edntomas leves.<\/p>\n\n\n\n<p>Como ya se mencion\u00f3, 35 de los casos positivos est\u00e1n en hospitales p\u00fablicos y en aislamiento total. Hay otros pacientes a la espera de diagn\u00f3stico.<\/p>\n\n\n\n<p>&nbsp;El rango de edad de los casos es de 1 mes a 107 a\u00f1os.<\/p>\n\n\n\n<p>&nbsp;LOS INDICADORES SEMANALES DEL SEM\u00c1FORO ESTATAL DE SALUD MARCAN COLOR VERDE.<\/p>\n","protected":false},"excerpt":{"rendered":"<p>La Secretar\u00eda de Salud informa que este martes 14 de diciembre se reporta una sola defunci\u00f3n por Covid-19 en Yucat\u00e1n, correspondiente a una mujer de 66 a\u00f1os de Ticul. Tambi\u00e9n<\/p>\n","protected":false},"author":2,"featured_media":94788,"comment_status":"open","ping_status":"open","sticky":false,"template":"","format":"standard","meta":{"jetpack_post_was_ever_published":false,"_jetpack_newsletter_access":"","_jetpack_dont_email_post_to_subs":false,"_jetpack_newsletter_tier_id":0,"_jetpack_memberships_contains_paywalled_content":false,"_jetpack_memberships_contains_paid_content":false,"footnotes":"","jetpack_publicize_message":"Hoy se reportan 35 pacientes en hospitales p\u00fablicos, una fallecida y 11 nuevos contagios de Covid-19 en Yucat\u00e1n.","jetpack_publicize_feature_enabled":true,"jetpack_social_post_already_shared":true,"jetpack_social_options":{"image_generator_settings":{"template":"highway","default_image_id":0,"font":"","enabled":false},"version":2}},"categories":[54],"tags":[],"class_list":["post-94786","post","type-post","status-publish","format-standard","has-post-thumbnail","hentry","category-yucatan"],"jetpack_publicize_connections":[],"jetpack_featured_media_url":"https:\/\/formalprision.com\/wp-content\/uploads\/2021\/12\/WhatsApp-Image-2021-12-13-at-12.49.02-PM.jpeg","jetpack_sharing_enabled":true,"jetpack_shortlink":"https:\/\/wp.me\/p6id8p-oEO","_links":{"self":[{"href":"https:\/\/formalprision.com\/index.php?rest_route=\/wp\/v2\/posts\/94786","targetHints":{"allow":["GET"]}}],"collection":[{"href":"https:\/\/formalprision.com\/index.php?rest_route=\/wp\/v2\/posts"}],"about":[{"href":"https:\/\/formalprision.com\/index.php?rest_route=\/wp\/v2\/types\/post"}],"author":[{"embeddable":true,"href":"https:\/\/formalprision.com\/index.php?rest_route=\/wp\/v2\/users\/2"}],"replies":[{"embeddable":true,"href":"https:\/\/formalprision.com\/index.php?rest_route=%2Fwp%2Fv2%2Fcomments&post=94786"}],"version-history":[{"count":0,"href":"https:\/\/formalprision.com\/index.php?rest_route=\/wp\/v2\/posts\/94786\/revisions"}],"wp:featuredmedia":[{"embeddable":true,"href":"https:\/\/formalprision.com\/index.php?rest_route=\/wp\/v2\/media\/94788"}],"wp:attachment":[{"href":"https:\/\/formalprision.com\/index.php?rest_route=%2Fwp%2Fv2%2Fmedia&parent=94786"}],"wp:term":[{"taxonomy":"category","embeddable":true,"href":"https:\/\/formalprision.com\/index.php?rest_route=%2Fwp%2Fv2%2Fcategories&post=94786"},{"taxonomy":"post_tag","embeddable":true,"href":"https:\/\/formalprision.com\/index.php?rest_route=%2Fwp%2Fv2%2Ftags&post=94786"}],"curies":[{"name":"wp","href":"https:\/\/api.w.org\/{rel}","templated":true}]}}