{"id":94792,"date":"2021-12-14T21:47:55","date_gmt":"2021-12-15T02:47:55","guid":{"rendered":"http:\/\/formalprision.com\/?p=94792"},"modified":"2021-12-16T22:10:47","modified_gmt":"2021-12-17T03:10:47","slug":"hallan-muerto-a-un-indigente-en-el-mercado-de-santiago","status":"publish","type":"post","link":"https:\/\/formalprision.com\/?p=94792","title":{"rendered":"Hallan muerto a un indigente en el mercado de Santiago"},"content":{"rendered":"\n<p>La Polic\u00eda Municipal de M\u00e9rida (PMM) tom\u00f3 conocimiento de una persona de sexo masculino, en situaci\u00f3n de calle, que falleci\u00f3 en la calle 57 entre 70 y 72 del centro de la ciudad.<\/p>\n\n\n\n<p>Aproximadamente a las 6:50 de la tarde el Centro de Monitoreo y Control de Mando de la corporaci\u00f3n recibi\u00f3 el reporte de que en el interior del mercado de Santiago hab\u00eda una persona tirada en el piso.<\/p>\n\n\n\n<p>Al lugar se trasladaron agentes policiales y param\u00e9dicos de la corporaci\u00f3n quienes constataron la informaci\u00f3n detectando que est\u00e1 persona de aproximadame 50 a\u00f1os de edad ya hab\u00eda fallecido<\/p>\n\n\n\n<p>Por tal motivo se procedi\u00f3 a acordonar el \u00e1rea y dar parte de los hechos al Servicio M\u00e9dico Forense de la Fiscal\u00eda General del Estado para los fines correspondientes.<\/p>\n","protected":false},"excerpt":{"rendered":"<p>La Polic\u00eda Municipal de M\u00e9rida (PMM) tom\u00f3 conocimiento de una persona de sexo masculino, en situaci\u00f3n de calle, que falleci\u00f3 en la calle 57 entre 70 y 72 del centro<\/p>\n","protected":false},"author":2,"featured_media":94794,"comment_status":"open","ping_status":"open","sticky":false,"template":"","format":"standard","meta":{"jetpack_post_was_ever_published":false,"_jetpack_newsletter_access":"","_jetpack_dont_email_post_to_subs":false,"_jetpack_newsletter_tier_id":0,"_jetpack_memberships_contains_paywalled_content":false,"_jetpack_memberships_contains_paid_content":false,"footnotes":"","jetpack_publicize_message":"Se trata de un hombre en situaci\u00f3n de calle de unos 50 a\u00f1os.","jetpack_publicize_feature_enabled":true,"jetpack_social_post_already_shared":true,"jetpack_social_options":{"image_generator_settings":{"template":"highway","default_image_id":0,"font":"","enabled":false},"version":2}},"categories":[14,44],"tags":[],"class_list":["post-94792","post","type-post","status-publish","format-standard","has-post-thumbnail","hentry","category-merida","category-morgue"],"jetpack_publicize_connections":[],"jetpack_featured_media_url":"https:\/\/formalprision.com\/wp-content\/uploads\/2021\/12\/WhatsApp-Image-2021-12-14-at-8.33.19-PM.jpeg","jetpack_sharing_enabled":true,"jetpack_shortlink":"https:\/\/wp.me\/p6id8p-oEU","_links":{"self":[{"href":"https:\/\/formalprision.com\/index.php?rest_route=\/wp\/v2\/posts\/94792","targetHints":{"allow":["GET"]}}],"collection":[{"href":"https:\/\/formalprision.com\/index.php?rest_route=\/wp\/v2\/posts"}],"about":[{"href":"https:\/\/formalprision.com\/index.php?rest_route=\/wp\/v2\/types\/post"}],"author":[{"embeddable":true,"href":"https:\/\/formalprision.com\/index.php?rest_route=\/wp\/v2\/users\/2"}],"replies":[{"embeddable":true,"href":"https:\/\/formalprision.com\/index.php?rest_route=%2Fwp%2Fv2%2Fcomments&post=94792"}],"version-history":[{"count":0,"href":"https:\/\/formalprision.com\/index.php?rest_route=\/wp\/v2\/posts\/94792\/revisions"}],"wp:featuredmedia":[{"embeddable":true,"href":"https:\/\/formalprision.com\/index.php?rest_route=\/wp\/v2\/media\/94794"}],"wp:attachment":[{"href":"https:\/\/formalprision.com\/index.php?rest_route=%2Fwp%2Fv2%2Fmedia&parent=94792"}],"wp:term":[{"taxonomy":"category","embeddable":true,"href":"https:\/\/formalprision.com\/index.php?rest_route=%2Fwp%2Fv2%2Fcategories&post=94792"},{"taxonomy":"post_tag","embeddable":true,"href":"https:\/\/formalprision.com\/index.php?rest_route=%2Fwp%2Fv2%2Ftags&post=94792"}],"curies":[{"name":"wp","href":"https:\/\/api.w.org\/{rel}","templated":true}]}}