{"id":94796,"date":"2021-12-15T07:31:16","date_gmt":"2021-12-15T12:31:16","guid":{"rendered":"http:\/\/formalprision.com\/?p=94796"},"modified":"2021-12-15T07:31:16","modified_gmt":"2021-12-15T12:31:16","slug":"despues-de-casi-2-anos-se-reactiva-ruta-aerea-toronto-merida","status":"publish","type":"post","link":"https:\/\/formalprision.com\/?p=94796","title":{"rendered":"Despu\u00e9s de casi 2 a\u00f1os, se reactiva ruta a\u00e9rea Toronto-M\u00e9rida"},"content":{"rendered":"\n<p>M\u00e9rida, Yucat\u00e1n, 14 de diciembre de 2021.- Despu\u00e9s de casi 2 a\u00f1os suspendida a causa de la pandemia del Coronavirus, reanud\u00f3 sus operaciones la ruta a\u00e9rea Toronto-M\u00e9rida, resultado de las gestiones realizadas por el Gobernador Mauricio Vila Dosal con la aerol\u00ednea WestJet para continuar impulsando la recuperaci\u00f3n de la conectividad por esta v\u00eda.<\/p>\n\n\n\n<p>Por indicaciones de Vila Dosal, la titular de la Secretar\u00eda de Fomento Tur\u00edstico (Sefotur), Michelle Fridman, recibi\u00f3 a los pasajeros provenientes de Toronto que llegaron a trav\u00e9s de dicho vuelo, que se suma a las 4 conexiones internacionales directas que se tienen en el Aeropuerto Internacional de la Ciudad de M\u00e9rida \u201cManuel Crescencio Rej\u00f3n\u201d desde Miami, Houston, Oakland y Dallas.<\/p>\n\n\n\n<p>La aeronave B737-800 de West Jet arrib\u00f3 este d\u00eda a la capital yucateca a las 13:20 horas y tendr\u00e1 una llegada semanal, cada martes de diciembre.<\/p>\n\n\n\n<p>Acompa\u00f1ada del administrador de la terminal a\u00e9rea meridana, Oscar Carrillo Maldonado, la funcionaria constato la llegada del avi\u00f3n, que retorn\u00f3 a tierras canadienses a las 14:35, con pasajeros a bordo.<\/p>\n\n\n\n<p>El trayecto Toronto-M\u00e9rida se ha establecido como una constante en la temporada invernal, para la vinculaci\u00f3n del turismo canadiense. Debido a la declaratoria de pandemia por Coronavirus, establecida por la Organizaci\u00f3n Mundial de la Salud (OMS), a finales de marzo 2020, se suspendi\u00f3 este vuelo, sin embargo, con el reinicio paulatino de la movilidad a\u00e9rea internacional, se anunci\u00f3 su recuperaci\u00f3n.<\/p>\n\n\n\n<p>Cabe destacar que, este servicio registr\u00f3, durante los meses de enero a marzo de 2020, es decir, antes de la pandemia, el 77.2% de ocupaci\u00f3n promedio en arribos y salidas, en dicha terminal de la capital yucateca.<\/p>\n\n\n\n<p>La firma canadiense WestJet Airlines es la segunda m\u00e1s grande de ese pa\u00eds, junto con su filial regional WestJet Encore, y tiene conexiones con cerca de 90 destinos, incluyendo Estados Unidos, M\u00e9xico, Centroam\u00e9rica, el Caribe y Europa.<\/p>\n","protected":false},"excerpt":{"rendered":"<p>M\u00e9rida, Yucat\u00e1n, 14 de diciembre de 2021.- Despu\u00e9s de casi 2 a\u00f1os suspendida a causa de la pandemia del Coronavirus, reanud\u00f3 sus operaciones la ruta a\u00e9rea Toronto-M\u00e9rida, resultado de las<\/p>\n","protected":false},"author":1,"featured_media":94797,"comment_status":"open","ping_status":"open","sticky":false,"template":"","format":"standard","meta":{"jetpack_post_was_ever_published":false,"_jetpack_newsletter_access":"","_jetpack_dont_email_post_to_subs":false,"_jetpack_newsletter_tier_id":0,"_jetpack_memberships_contains_paywalled_content":false,"_jetpack_memberships_contains_paid_content":false,"footnotes":"","jetpack_publicize_message":"Tras las gestiones del gobernador Mauricio Vila, la aerol\u00ednea canadiense WestJet reanuda operaciones con un vuelo semanal que, durante diciembre, llegar\u00e1 cada martes.","jetpack_publicize_feature_enabled":true,"jetpack_social_post_already_shared":true,"jetpack_social_options":{"image_generator_settings":{"template":"highway","default_image_id":0,"font":"","enabled":false},"version":2}},"categories":[14],"tags":[],"class_list":["post-94796","post","type-post","status-publish","format-standard","has-post-thumbnail","hentry","category-merida"],"jetpack_publicize_connections":[],"jetpack_featured_media_url":"https:\/\/formalprision.com\/wp-content\/uploads\/2021\/12\/hl-2421264111.jpg","jetpack_sharing_enabled":true,"jetpack_shortlink":"https:\/\/wp.me\/p6id8p-oEY","_links":{"self":[{"href":"https:\/\/formalprision.com\/index.php?rest_route=\/wp\/v2\/posts\/94796","targetHints":{"allow":["GET"]}}],"collection":[{"href":"https:\/\/formalprision.com\/index.php?rest_route=\/wp\/v2\/posts"}],"about":[{"href":"https:\/\/formalprision.com\/index.php?rest_route=\/wp\/v2\/types\/post"}],"author":[{"embeddable":true,"href":"https:\/\/formalprision.com\/index.php?rest_route=\/wp\/v2\/users\/1"}],"replies":[{"embeddable":true,"href":"https:\/\/formalprision.com\/index.php?rest_route=%2Fwp%2Fv2%2Fcomments&post=94796"}],"version-history":[{"count":0,"href":"https:\/\/formalprision.com\/index.php?rest_route=\/wp\/v2\/posts\/94796\/revisions"}],"wp:featuredmedia":[{"embeddable":true,"href":"https:\/\/formalprision.com\/index.php?rest_route=\/wp\/v2\/media\/94797"}],"wp:attachment":[{"href":"https:\/\/formalprision.com\/index.php?rest_route=%2Fwp%2Fv2%2Fmedia&parent=94796"}],"wp:term":[{"taxonomy":"category","embeddable":true,"href":"https:\/\/formalprision.com\/index.php?rest_route=%2Fwp%2Fv2%2Fcategories&post=94796"},{"taxonomy":"post_tag","embeddable":true,"href":"https:\/\/formalprision.com\/index.php?rest_route=%2Fwp%2Fv2%2Ftags&post=94796"}],"curies":[{"name":"wp","href":"https:\/\/api.w.org\/{rel}","templated":true}]}}