{"id":94800,"date":"2021-12-15T07:41:53","date_gmt":"2021-12-15T12:41:53","guid":{"rendered":"http:\/\/formalprision.com\/?p=94800"},"modified":"2021-12-15T07:41:53","modified_gmt":"2021-12-15T12:41:53","slug":"rechazan-diputados-del-pri-alza-de-impuestos-en-merida","status":"publish","type":"post","link":"https:\/\/formalprision.com\/?p=94800","title":{"rendered":"Rechazan diputados del PRI alza de impuestos en M\u00e9rida"},"content":{"rendered":"\n<p>M\u00e9rida, Yucat\u00e1n. 14 de diciembre de 2021.- En el marco de la sesi\u00f3n del pleno del Congreso del Estado, la fracci\u00f3n legislativa del PRI vot\u00f3 en contra del alza de impuestos propuesta por el Ayuntamiento de M\u00e9rida.<\/p>\n\n\n\n<p>En su intervenci\u00f3n en tribuna, la diputada Fabiola Loeza Novelo mencion\u00f3 que los diputados del PRI consideran que el aumento excesivo de impuestos en M\u00e9rida puede desestabilizar la econom\u00eda, desincentivar las inversiones afectando la generaci\u00f3n de empleos, todo esto en detrimento de la econom\u00eda familiar y por eso est\u00e1n decididos a no aprobar m\u00e1s impuestos, ni autorizar aumentos.<\/p>\n\n\n\n<p>\u201cVemos con preocupaci\u00f3n que el Ayuntamiento de M\u00e9rida pretenda incrementar sus ingresos en m\u00e1s de mil millones de pesos, esto es en un 35 por ciento m\u00e1s que el ejercicio que est\u00e1 por terminar. El incremento antes referido tiene como base una agresiva estrategia tributaria que incluye aumentos a impuestos y derechos\u201d, asegur\u00f3.<\/p>\n\n\n\n<p>Se\u00f1al\u00f3 que, en cuanto a derechos y aprovechamientos, el Ayuntamiento de M\u00e9rida estima captar 312.3 millones de pesos para 2022, contra los 228.9 millones de pesos presupuestado en la Ley de Ingresos de este a\u00f1o 2021; un 36% m\u00e1s, un ingreso muy superior en t\u00e9rminos proporcionales a la inflaci\u00f3n de los \u00faltimos 2 a\u00f1os. Dijo que estos nuevos derechos afectan primordialmente a las microempresas de construcci\u00f3n y de servicios que mayoritariamente son negocios familiares.<\/p>\n\n\n\n<p>\u201cAdem\u00e1s de lo anterior, se plantea un ambicioso esquema de actualizaci\u00f3n de los valores catastrales del municipio, que traer\u00e1 como consecuencia aumento del impuesto predial y del impuesto sobre adquisici\u00f3n de bienes inmuebles (ISAI)\u201d, a\u00f1adi\u00f3.<\/p>\n\n\n\n<p>Por su parte, el coordinador de los diputados priistas, Gaspar Quintal Parra, afirm\u00f3 que los diferentes sectores productivos y en particular, las familias meridanas, han sufrido afectaciones en su econom\u00eda derivadas de la pandemia y por tal motivo, los impuestos propuestos por el Ayuntamiento de M\u00e9rida y aprobados por la mayor\u00eda en el Congreso, son inoportunos y van en sentido contrario a la realidad que viven los ciudadanos y a su bienestar.\u00a0(Comunicado de Prensa) <\/p>\n","protected":false},"excerpt":{"rendered":"<p>M\u00e9rida, Yucat\u00e1n. 14 de diciembre de 2021.- En el marco de la sesi\u00f3n del pleno del Congreso del Estado, la fracci\u00f3n legislativa del PRI vot\u00f3 en contra del alza de<\/p>\n","protected":false},"author":1,"featured_media":94801,"comment_status":"open","ping_status":"open","sticky":false,"template":"","format":"standard","meta":{"jetpack_post_was_ever_published":false,"_jetpack_newsletter_access":"","_jetpack_dont_email_post_to_subs":false,"_jetpack_newsletter_tier_id":0,"_jetpack_memberships_contains_paywalled_content":false,"_jetpack_memberships_contains_paid_content":false,"footnotes":"","jetpack_publicize_message":"El aumento afectar\u00eda la econom\u00eda familiar\n\n ","jetpack_publicize_feature_enabled":true,"jetpack_social_post_already_shared":true,"jetpack_social_options":{"image_generator_settings":{"template":"highway","default_image_id":0,"font":"","enabled":false},"version":2}},"categories":[14],"tags":[],"class_list":["post-94800","post","type-post","status-publish","format-standard","has-post-thumbnail","hentry","category-merida"],"jetpack_publicize_connections":[],"jetpack_featured_media_url":"https:\/\/formalprision.com\/wp-content\/uploads\/2021\/12\/Diputados-Yucata\u0301n-Congreso-PRI-.jpeg","jetpack_sharing_enabled":true,"jetpack_shortlink":"https:\/\/wp.me\/p6id8p-oF2","_links":{"self":[{"href":"https:\/\/formalprision.com\/index.php?rest_route=\/wp\/v2\/posts\/94800","targetHints":{"allow":["GET"]}}],"collection":[{"href":"https:\/\/formalprision.com\/index.php?rest_route=\/wp\/v2\/posts"}],"about":[{"href":"https:\/\/formalprision.com\/index.php?rest_route=\/wp\/v2\/types\/post"}],"author":[{"embeddable":true,"href":"https:\/\/formalprision.com\/index.php?rest_route=\/wp\/v2\/users\/1"}],"replies":[{"embeddable":true,"href":"https:\/\/formalprision.com\/index.php?rest_route=%2Fwp%2Fv2%2Fcomments&post=94800"}],"version-history":[{"count":0,"href":"https:\/\/formalprision.com\/index.php?rest_route=\/wp\/v2\/posts\/94800\/revisions"}],"wp:featuredmedia":[{"embeddable":true,"href":"https:\/\/formalprision.com\/index.php?rest_route=\/wp\/v2\/media\/94801"}],"wp:attachment":[{"href":"https:\/\/formalprision.com\/index.php?rest_route=%2Fwp%2Fv2%2Fmedia&parent=94800"}],"wp:term":[{"taxonomy":"category","embeddable":true,"href":"https:\/\/formalprision.com\/index.php?rest_route=%2Fwp%2Fv2%2Fcategories&post=94800"},{"taxonomy":"post_tag","embeddable":true,"href":"https:\/\/formalprision.com\/index.php?rest_route=%2Fwp%2Fv2%2Ftags&post=94800"}],"curies":[{"name":"wp","href":"https:\/\/api.w.org\/{rel}","templated":true}]}}