{"id":9481,"date":"2010-07-26T16:39:00","date_gmt":"2010-07-26T16:39:00","guid":{"rendered":"http:\/\/formalprision.info\/2010\/07\/26\/cumple-su-sueno-de-repartir-periodicos\/"},"modified":"2015-06-03T09:01:30","modified_gmt":"2015-06-03T09:01:30","slug":"cumple-su-sueno-de-repartir-periodicos","status":"publish","type":"post","link":"https:\/\/formalprision.com\/?p=9481","title":{"rendered":"Cumple su sue\u00f1o de repartir peri\u00f3dicos"},"content":{"rendered":"<p><a href=\"http:\/\/1.bp.blogspot.com\/_QwiJz8zwaOw\/TE28CkVb5pI\/AAAAAAAABJ4\/i5kSrmRgFck\/s1600\/aaaaaaasue%C3%B1osCF0003.JPG\"><img decoding=\"async\" id=\"BLOGGER_PHOTO_ID_5498257472388589202\" style=\"FLOAT: left; MARGIN: 0px 10px 10px 0px; WIDTH: 320px; CURSOR: hand; HEIGHT: 240px\" alt=\"\" src=\"http:\/\/formalprision.com\/wp-content\/uploads\/2010\/07\/aaaaaaasue\u00f1osCF0003.jpg\" border=\"0\" \/><\/a><\/p>\n<div>A Jos\u00e9 Augusto Canch\u00e9 Rodr\u00edguez, desde ni\u00f1o, siempre le gusto ver como los repartidores de peri\u00f3dicos tiraban los diarios en las casas desde sus motocicletas o bicicletas en movimiento.<\/div>\n<p><\/p>\n<div>Hoy decidi\u00f3 cumplir su fantas\u00eda y comenz\u00f3 a repartir peri\u00f3dicos en el centro, pero para hacerlo se tuvo que robar la moto del \u00abperiodista\u00bb due\u00f1o de los diarios, motivo por el cual fue detenido.<\/div>\n<p><\/p>\n<div>Lo capturaron polis municipales a las 05:15 horas, cuando los agentes de la unidad 323 se percataron, en la calle 54 por 63, que Canch\u00e9 Rodr\u00edguez manejaba una motocicleta Suzuki con placas de circulaci\u00f3n 1GGH8, y arrojaba los per\u00edodicos a la v\u00eda p\u00fablica.<\/div>\n<p><\/p>\n<div>En ese momento por medio del Control de Mando de la PMM los polic\u00edas recibieron el reporte que dicha motocicleta hab\u00eda sido robada. <\/div>\n<p><\/p>\n<div>Ante esta situaci\u00f3n los elementos municipales siguieron a Canch\u00e9 Rodr\u00edguqez hasta la calle 63 por 42, lugar donde derrap\u00f3, para posteriormente levantarse, tomar la motocicleta y continuar su hu\u00edda hasta la calle 63 por 40, en donde fue detenido por los polic\u00edas. <\/div>\n<p><\/p>\n<div>Al lugar se traslado, a bordo de la unidad 239, Raymundo Sandoval Sandoval -responsable de la motocicleta- quien inform\u00f3 a los polic\u00edas que se encontraba en las puertas de un comercio ubicado en la calle 63 entre 60 y 62, cuando Canch\u00e9 Rodr\u00edguez se apoder\u00f3 de la motocicleta. <\/div>\n<p><\/p>\n<div>Por los motivos antes mencionados Canch\u00e9 Rodr\u00edguez, quien se encontraba en estado Normal, fue trasladado a la C\u00e1rcel Municipal para su posterior remisi\u00f3n al Ministerio P\u00fablico <\/div>\n","protected":false},"excerpt":{"rendered":"<p>A Jos\u00e9 Augusto Canch\u00e9 Rodr\u00edguez, desde ni\u00f1o, siempre le gusto ver como los repartidores de peri\u00f3dicos tiraban los diarios en las casas desde sus motocicletas o bicicletas en movimiento. Hoy<\/p>\n","protected":false},"author":1,"featured_media":28746,"comment_status":"open","ping_status":"open","sticky":false,"template":"","format":"standard","meta":{"jetpack_post_was_ever_published":false,"_jetpack_newsletter_access":"","_jetpack_dont_email_post_to_subs":false,"_jetpack_newsletter_tier_id":0,"_jetpack_memberships_contains_paywalled_content":false,"_jetpack_memberships_contains_paid_content":false,"footnotes":"","jetpack_publicize_message":"","jetpack_publicize_feature_enabled":true,"jetpack_social_post_already_shared":false,"jetpack_social_options":{"image_generator_settings":{"template":"highway","default_image_id":0,"font":"","enabled":false},"version":2}},"categories":[57,1],"tags":[],"class_list":["post-9481","post","type-post","status-publish","format-standard","has-post-thumbnail","hentry","category-ratas","category-sin-categoria"],"jetpack_publicize_connections":[],"jetpack_featured_media_url":"https:\/\/formalprision.com\/wp-content\/uploads\/2010\/07\/aaaaaaasue\u00f1osCF0003.jpg","jetpack_sharing_enabled":true,"jetpack_shortlink":"https:\/\/wp.me\/p6id8p-2sV","_links":{"self":[{"href":"https:\/\/formalprision.com\/index.php?rest_route=\/wp\/v2\/posts\/9481","targetHints":{"allow":["GET"]}}],"collection":[{"href":"https:\/\/formalprision.com\/index.php?rest_route=\/wp\/v2\/posts"}],"about":[{"href":"https:\/\/formalprision.com\/index.php?rest_route=\/wp\/v2\/types\/post"}],"author":[{"embeddable":true,"href":"https:\/\/formalprision.com\/index.php?rest_route=\/wp\/v2\/users\/1"}],"replies":[{"embeddable":true,"href":"https:\/\/formalprision.com\/index.php?rest_route=%2Fwp%2Fv2%2Fcomments&post=9481"}],"version-history":[{"count":0,"href":"https:\/\/formalprision.com\/index.php?rest_route=\/wp\/v2\/posts\/9481\/revisions"}],"wp:featuredmedia":[{"embeddable":true,"href":"https:\/\/formalprision.com\/index.php?rest_route=\/wp\/v2\/media\/28746"}],"wp:attachment":[{"href":"https:\/\/formalprision.com\/index.php?rest_route=%2Fwp%2Fv2%2Fmedia&parent=9481"}],"wp:term":[{"taxonomy":"category","embeddable":true,"href":"https:\/\/formalprision.com\/index.php?rest_route=%2Fwp%2Fv2%2Fcategories&post=9481"},{"taxonomy":"post_tag","embeddable":true,"href":"https:\/\/formalprision.com\/index.php?rest_route=%2Fwp%2Fv2%2Ftags&post=9481"}],"curies":[{"name":"wp","href":"https:\/\/api.w.org\/{rel}","templated":true}]}}