{"id":94815,"date":"2021-12-15T13:40:43","date_gmt":"2021-12-15T18:40:43","guid":{"rendered":"http:\/\/formalprision.com\/?p=94815"},"modified":"2021-12-15T13:40:43","modified_gmt":"2021-12-15T18:40:43","slug":"ejercito-ofrecera-concierto-musical-en-paseo-henequenes-en-francisco-de-montejo","status":"publish","type":"post","link":"https:\/\/formalprision.com\/?p=94815","title":{"rendered":"Ej\u00e9rcito ofrecer\u00e1 concierto musical en Paseo Henequenes, en Francisco de Montejo"},"content":{"rendered":"\n<p>La Secretar\u00eda de la Defensa Nacional, a trav\u00e9s de la X Regi\u00f3n Militar y 32\/a. Zona Militar, en coordinaci\u00f3n con la Secretar\u00eda de la Cultura y las Artes del Estado, invitan al Concierto Musical de la Banda de M\u00fasica de la X Regi\u00f3n Militar y Banda de M\u00fasica del Estado de Yucat\u00e1n, el cual se llevar\u00e1 a cabo a las 7 de la noche de ma\u00f1ana jueves 17 de diciembre, en el Auditorio de Paseo Henequenes, Zona Industrial de M\u00e9rida.<\/p>\n\n\n\n<p>Este concierto tiene la finalidad de fortalecer los v\u00ednculos afectivos entre el personal militar y la poblaci\u00f3n en general. Para ello, la Banda de M\u00fasica de la X Regi\u00f3n Militar y Banda de M\u00fasica del Estado de Yucat\u00e1n, llevar\u00e1n a cabo un magno concierto en el que los asistentes podr\u00e1n disfrutar de piezas musicales de diferentes g\u00e9neros, seleccionadas especialmente para el deleite del p\u00fablico, fomentando a trav\u00e9s de la m\u00fasica y el arte, el sano esparcimiento familiar<\/p>\n\n\n\n<p>La Banda de M\u00fasica de la X Regi\u00f3n Militar fue creada en el a\u00f1o 2014 en M\u00e9rida, Yucat\u00e1n; dicha agrupaci\u00f3n musical, actualmente est\u00e1 integrada por elementos del Ej\u00e9rcito y Fuerza A\u00e9rea Mexicanos y han participado en m\u00faltiples actividades c\u00edvico-militares en diversas localidades de Campeche, Quintana Roo y Yucat\u00e1n.<\/p>\n\n\n\n<p>El acceso ser\u00e1 totalmente gratuito, se seguir\u00e1 un estricto control sanitario y ser\u00e1 obligatorio el uso de cubrebocas.<\/p>\n","protected":false},"excerpt":{"rendered":"<p>La Secretar\u00eda de la Defensa Nacional, a trav\u00e9s de la X Regi\u00f3n Militar y 32\/a. Zona Militar, en coordinaci\u00f3n con la Secretar\u00eda de la Cultura y las Artes del Estado,<\/p>\n","protected":false},"author":2,"featured_media":94817,"comment_status":"open","ping_status":"open","sticky":false,"template":"","format":"standard","meta":{"jetpack_post_was_ever_published":false,"_jetpack_newsletter_access":"","_jetpack_dont_email_post_to_subs":false,"_jetpack_newsletter_tier_id":0,"_jetpack_memberships_contains_paywalled_content":false,"_jetpack_memberships_contains_paid_content":false,"footnotes":"","jetpack_publicize_message":"","jetpack_publicize_feature_enabled":true,"jetpack_social_post_already_shared":true,"jetpack_social_options":{"image_generator_settings":{"template":"highway","default_image_id":0,"font":"","enabled":false},"version":2}},"categories":[14],"tags":[],"class_list":["post-94815","post","type-post","status-publish","format-standard","has-post-thumbnail","hentry","category-merida"],"jetpack_publicize_connections":[],"jetpack_featured_media_url":"https:\/\/formalprision.com\/wp-content\/uploads\/2021\/12\/WhatsApp-Image-2021-12-15-at-08.28.06-1.jpeg","jetpack_sharing_enabled":true,"jetpack_shortlink":"https:\/\/wp.me\/p6id8p-oFh","_links":{"self":[{"href":"https:\/\/formalprision.com\/index.php?rest_route=\/wp\/v2\/posts\/94815","targetHints":{"allow":["GET"]}}],"collection":[{"href":"https:\/\/formalprision.com\/index.php?rest_route=\/wp\/v2\/posts"}],"about":[{"href":"https:\/\/formalprision.com\/index.php?rest_route=\/wp\/v2\/types\/post"}],"author":[{"embeddable":true,"href":"https:\/\/formalprision.com\/index.php?rest_route=\/wp\/v2\/users\/2"}],"replies":[{"embeddable":true,"href":"https:\/\/formalprision.com\/index.php?rest_route=%2Fwp%2Fv2%2Fcomments&post=94815"}],"version-history":[{"count":0,"href":"https:\/\/formalprision.com\/index.php?rest_route=\/wp\/v2\/posts\/94815\/revisions"}],"wp:featuredmedia":[{"embeddable":true,"href":"https:\/\/formalprision.com\/index.php?rest_route=\/wp\/v2\/media\/94817"}],"wp:attachment":[{"href":"https:\/\/formalprision.com\/index.php?rest_route=%2Fwp%2Fv2%2Fmedia&parent=94815"}],"wp:term":[{"taxonomy":"category","embeddable":true,"href":"https:\/\/formalprision.com\/index.php?rest_route=%2Fwp%2Fv2%2Fcategories&post=94815"},{"taxonomy":"post_tag","embeddable":true,"href":"https:\/\/formalprision.com\/index.php?rest_route=%2Fwp%2Fv2%2Ftags&post=94815"}],"curies":[{"name":"wp","href":"https:\/\/api.w.org\/{rel}","templated":true}]}}