{"id":94837,"date":"2021-12-16T08:02:37","date_gmt":"2021-12-16T13:02:37","guid":{"rendered":"http:\/\/formalprision.com\/?p=94837"},"modified":"2021-12-16T08:02:37","modified_gmt":"2021-12-16T13:02:37","slug":"retoman-el-programa-yucatan-por-mas-deporte","status":"publish","type":"post","link":"https:\/\/formalprision.com\/?p=94837","title":{"rendered":"Retoman el programa &#8216;Yucat\u00e1n por m\u00e1s deporte&#8217;"},"content":{"rendered":"\n<p>Con el fin de promover una vida m\u00e1s sana, a trav\u00e9s del ejercicio y buenos h\u00e1bitos alimenticios, la administraci\u00f3n que encabeza el Gobernador Mauricio Vila Dosal retomar\u00e1 en 2022 el programa \u00abYucat\u00e1n por m\u00e1s deporte\u00bb, que promover\u00e1n en conjunto el Instituto del Deporte (IDEY) y las Secretar\u00edas de Fomento Econ\u00f3mico (Sefoet), Educaci\u00f3n (Segey) y Salud (SSY).<\/p>\n\n\n\n<p>En el local de la C\u00e1mara Nacional de la Industria de la Transformaci\u00f3n (Canacintra), ante autoridades, patrocinadores y representantes de municipios, se dio a conocer la tercera edici\u00f3n de este esquema, que ofrecer\u00e1 diferentes opciones a la ciudadan\u00eda, durante la semana del 28 de enero al 5 de febrero, para posicionar a la entidad como una de las que m\u00e1s impulsa la actividad f\u00edsica.<\/p>\n\n\n\n<p>Con esta estrategia, se respalda a empresas del sector, que incluye gimnasios, universidades y cl\u00ednicas de belleza, a la vez que se concientiza al ramo restaurantero sobre la importancia de contar con un men\u00fa saludable, que permita a la poblaci\u00f3n acceder a una alimentaci\u00f3n con mayores beneficios; para esto, varios patrocinadores han puesto el ejemplo, como Farmacias del Bazar, Oxxo y Grupo Bepensa.<\/p>\n\n\n\n<p>Al presentar los pormenores de estas acciones, que re\u00fanen a la sociedad en general, el director del IDEY, Carlos S\u00e1enz Castillo, destac\u00f3 que, con la reactivaci\u00f3n de dichos negocios, se invita a la gente a ejercitarse de manera gratuita o con precios especiales, as\u00ed como a conocer sus instalaciones, actividades diarias y personal experto.<\/p>\n\n\n\n<p>Durante su intervenci\u00f3n, el presidente de la Confederaci\u00f3n Patronal Mexicana (Coparmex) Yucat\u00e1n, Fernando Ponce D\u00edaz, en representaci\u00f3n de las c\u00e1maras empresariales, asegur\u00f3 que propondr\u00e1 a los negocios agremiados para que el plan se implemente e invitar\u00e1 a la gente a participar, en este esfuerzo colaborativo entre iniciativa privada y autoridades.<\/p>\n\n\n\n<p>Se cont\u00f3 con la presencia de las directoras del Instituto para la Inclusi\u00f3n de las Personas con Discapacidad (Iipedey), Mar\u00eda Teresa V\u00e1zquez Baqueiro; de proyectos estrat\u00e9gicos del Centro Estatal de Prevenci\u00f3n del Delito y Participaci\u00f3n Ciudadana (Cepredey), Karla Sol\u00eds del director de Promoci\u00f3n Deportiva del IDEY, Iv\u00e1n Herrera Rosiles, as\u00ed como de la subdirectora de Nutrici\u00f3n de la SSY, Vanessa Domingo Bolio.<\/p>\n\n\n\n<p>Asimismo, los gerentes de Cuentas Claves de Grupo Bepensa, Felipe Sol\u00eds Mier y Ter\u00e1n; Oxxo Yucat\u00e1n, Ricardo Escalante Castillo; Recursos Humanos de Farmacias del Bazar, Ericka V\u00e1rguez Cervera, y Medios de Leones de Yucat\u00e1n, Mario Serrano Vel\u00e1zquez.<\/p>\n\n\n\n<p>Tambi\u00e9n, Michelle Byrne de Rodr\u00edguez, delegada Estatal de la Cruz Roja Mexicana; Merit Villase\u00f1or Medina, titular de Eventos Especiales de Bepensa; y Ana Paulina L\u00f3pez Laviada, presidenta de J\u00f3venes industriales de Canacintra.<\/p>\n","protected":false},"excerpt":{"rendered":"<p>Con el fin de promover una vida m\u00e1s sana, a trav\u00e9s del ejercicio y buenos h\u00e1bitos alimenticios, la administraci\u00f3n que encabeza el Gobernador Mauricio Vila Dosal retomar\u00e1 en 2022 el<\/p>\n","protected":false},"author":2,"featured_media":94839,"comment_status":"open","ping_status":"open","sticky":false,"template":"","format":"standard","meta":{"jetpack_post_was_ever_published":false,"_jetpack_newsletter_access":"","_jetpack_dont_email_post_to_subs":false,"_jetpack_newsletter_tier_id":0,"_jetpack_memberships_contains_paywalled_content":false,"_jetpack_memberships_contains_paid_content":false,"footnotes":"","jetpack_publicize_message":"'Yucat\u00e1n por m\u00e1s deporte' se reactivar\u00e1 en enero de 2022.","jetpack_publicize_feature_enabled":true,"jetpack_social_post_already_shared":true,"jetpack_social_options":{"image_generator_settings":{"template":"highway","default_image_id":0,"font":"","enabled":false},"version":2}},"categories":[4],"tags":[],"class_list":["post-94837","post","type-post","status-publish","format-standard","has-post-thumbnail","hentry","category-deportes"],"jetpack_publicize_connections":[],"jetpack_featured_media_url":"https:\/\/formalprision.com\/wp-content\/uploads\/2021\/12\/IMG-20211215-WA0090.jpg","jetpack_sharing_enabled":true,"jetpack_shortlink":"https:\/\/wp.me\/p6id8p-oFD","_links":{"self":[{"href":"https:\/\/formalprision.com\/index.php?rest_route=\/wp\/v2\/posts\/94837","targetHints":{"allow":["GET"]}}],"collection":[{"href":"https:\/\/formalprision.com\/index.php?rest_route=\/wp\/v2\/posts"}],"about":[{"href":"https:\/\/formalprision.com\/index.php?rest_route=\/wp\/v2\/types\/post"}],"author":[{"embeddable":true,"href":"https:\/\/formalprision.com\/index.php?rest_route=\/wp\/v2\/users\/2"}],"replies":[{"embeddable":true,"href":"https:\/\/formalprision.com\/index.php?rest_route=%2Fwp%2Fv2%2Fcomments&post=94837"}],"version-history":[{"count":0,"href":"https:\/\/formalprision.com\/index.php?rest_route=\/wp\/v2\/posts\/94837\/revisions"}],"wp:featuredmedia":[{"embeddable":true,"href":"https:\/\/formalprision.com\/index.php?rest_route=\/wp\/v2\/media\/94839"}],"wp:attachment":[{"href":"https:\/\/formalprision.com\/index.php?rest_route=%2Fwp%2Fv2%2Fmedia&parent=94837"}],"wp:term":[{"taxonomy":"category","embeddable":true,"href":"https:\/\/formalprision.com\/index.php?rest_route=%2Fwp%2Fv2%2Fcategories&post=94837"},{"taxonomy":"post_tag","embeddable":true,"href":"https:\/\/formalprision.com\/index.php?rest_route=%2Fwp%2Fv2%2Ftags&post=94837"}],"curies":[{"name":"wp","href":"https:\/\/api.w.org\/{rel}","templated":true}]}}