{"id":94846,"date":"2021-12-16T12:41:16","date_gmt":"2021-12-16T17:41:16","guid":{"rendered":"http:\/\/formalprision.com\/?p=94846"},"modified":"2021-12-16T22:09:48","modified_gmt":"2021-12-17T03:09:48","slug":"adultos-mayores-de-merida-empiezan-a-recibir-refuerzo-de-la-vacuna-contra-covid-19","status":"publish","type":"post","link":"https:\/\/formalprision.com\/?p=94846","title":{"rendered":"Adultos mayores de M\u00e9rida reciben ya refuerzo de la vacuna contra Covid-19"},"content":{"rendered":"\n<p>M\u00e9rida, Yucat\u00e1n, 16 de diciembre de 2021.- Marlene S\u00e1nchez Koh se convirti\u00f3 en la primera persona adulta mayor de M\u00e9rida en recibir el refuerzo de la vacuna contra el Coronavirus, durante la jornada que inici\u00f3 este d\u00eda para la aplicaci\u00f3n de la tercera dosis a dicho sector de la poblaci\u00f3n de la capital yucateca.<\/p>\n\n\n\n<p>Vecina de la colonia Brisas del Norte, S\u00e1nchez Koh, de 62 a\u00f1os de edad, lleg\u00f3 a las instalaciones del Centro de Convenciones Yucat\u00e1n Siglo XXI, donde recibi\u00f3 su tercera vacuna y con la cual asegur\u00f3 siente m\u00e1s protegida su salud ante este virus, pero aclar\u00f3 que es necesario continuar implementando las medidas sanitarias b\u00e1sicas, porque la pandemia sigue.<\/p>\n\n\n\n<p>De manera simult\u00e1nea y en una jornada que se realiz\u00f3 en orden y de manera fluida, tambi\u00e9n inici\u00f3 la administraci\u00f3n de la vacuna de la farmac\u00e9utica AstraZeneca a la poblaci\u00f3n de 60 a\u00f1os y m\u00e1s en el Multigimnasio \u201cSocorro Cer\u00f3n\u201d de la Unidad Deportiva Kukulc\u00e1n, que junto al Centro de Convenciones son los dos macrocentros designados donde, hasta el d\u00eda martes 21 de diciembre, se estar\u00e1 aplicando la dosis de refuerzo a este sector.<\/p>\n\n\n\n<p>Asimismo, este d\u00eda se lleva a cabo dicho proceso en los municipios de Cuzam\u00e1, Dzan, Huh\u00ed, Man\u00ed, Mayap\u00e1n, Opich\u00e9n y Chochol\u00e1.<\/p>\n\n\n\n<p>Con su registro en mano que descargo a trav\u00e9s de la plataforma, Nancy Bol\u00edvar Montoya reconoci\u00f3 la organizaci\u00f3n y buen trato que le han dado a ella y su familia durante las jornadas de vacunaci\u00f3n contra el Coronavirus.<\/p>\n\n\n\n<p>\u00abLos tengo que felicitar es estupendo el servicio que ha habido hasta el momento para mi familia y para m\u00ed, la atenci\u00f3n ha sido de calidad, el proceso fue muy r\u00e1pido, ni \u00e9sta, ni las veces anteriores, he tenido que esperar mucho, de verdad felicidades\u00bb, asegur\u00f3 Bol\u00edvar Montoya tras destacar que la tercera dosis le genera una mayor tranquilidad, sobre todo con las nuevas variantes de virus.<\/p>\n\n\n\n<p>Es importante recalcar, que para evitar aglomeraciones y ofrecer una mejor atenci\u00f3n, de acuerdo con lo programado, la aplicaci\u00f3n en la capital yucateca se llevar\u00e1 a cabo de la siguiente forma:<\/p>\n\n\n\n<p>-Ma\u00f1ana viernes 17 de diciembre se vacunar\u00e1 a aquellas personas que nacieron en marzo y abril.<\/p>\n\n\n\n<p>-El s\u00e1bado 18, a los de mayo y junio.<\/p>\n\n\n\n<p>-El domingo 19, a los que cumplen en julio y agosto.<\/p>\n\n\n\n<p>-El lunes 20, a los de septiembre y octubre.<\/p>\n\n\n\n<p>-El martes 21, a los de noviembre y diciembre.<\/p>\n\n\n\n<p>Julio Leal Rivas, de 72 a\u00f1os, se sum\u00f3 a los primeros ciudadanos de M\u00e9rida en recibir su tercera dosis de la vacuna contra el Coronavirus, sin embargo, asegur\u00f3 que no es motivo para bajar la guardia y dejar de lado los cuidados, por el contrario, indic\u00f3 que tanto \u00e9l y su familia han reforzado las medidas antes las nuevas variantes que han aparecido.<\/p>\n\n\n\n<p>\u00abEstamos m\u00e1s confiados, pero eso no quita que nos sigamos cuidando, creo el proceso ha avanzado bastante bien, todo ha sido muy r\u00e1pido, no esperaba recibir el refuerzo tan pronto, pero es un gusto la verdad, pero sobre todo un gran alivio ante esta enfermedad que se ha llevado a muchos de mis conocidos\u00bb, subray\u00f3 el vecino de la colonia Cordemex.<\/p>\n","protected":false},"excerpt":{"rendered":"<p>M\u00e9rida, Yucat\u00e1n, 16 de diciembre de 2021.- Marlene S\u00e1nchez Koh se convirti\u00f3 en la primera persona adulta mayor de M\u00e9rida en recibir el refuerzo de la vacuna contra el Coronavirus,<\/p>\n","protected":false},"author":2,"featured_media":94847,"comment_status":"open","ping_status":"open","sticky":false,"template":"","format":"standard","meta":{"jetpack_post_was_ever_published":false,"_jetpack_newsletter_access":"","_jetpack_dont_email_post_to_subs":false,"_jetpack_newsletter_tier_id":0,"_jetpack_memberships_contains_paywalled_content":false,"_jetpack_memberships_contains_paid_content":false,"footnotes":"","jetpack_publicize_message":"","jetpack_publicize_feature_enabled":true,"jetpack_social_post_already_shared":true,"jetpack_social_options":{"image_generator_settings":{"template":"highway","default_image_id":0,"font":"","enabled":false},"version":2}},"categories":[54],"tags":[],"class_list":["post-94846","post","type-post","status-publish","format-standard","has-post-thumbnail","hentry","category-yucatan"],"jetpack_publicize_connections":[],"jetpack_featured_media_url":"https:\/\/formalprision.com\/wp-content\/uploads\/2021\/12\/IMG-20211216-WA0016.jpg","jetpack_sharing_enabled":true,"jetpack_shortlink":"https:\/\/wp.me\/p6id8p-oFM","_links":{"self":[{"href":"https:\/\/formalprision.com\/index.php?rest_route=\/wp\/v2\/posts\/94846","targetHints":{"allow":["GET"]}}],"collection":[{"href":"https:\/\/formalprision.com\/index.php?rest_route=\/wp\/v2\/posts"}],"about":[{"href":"https:\/\/formalprision.com\/index.php?rest_route=\/wp\/v2\/types\/post"}],"author":[{"embeddable":true,"href":"https:\/\/formalprision.com\/index.php?rest_route=\/wp\/v2\/users\/2"}],"replies":[{"embeddable":true,"href":"https:\/\/formalprision.com\/index.php?rest_route=%2Fwp%2Fv2%2Fcomments&post=94846"}],"version-history":[{"count":0,"href":"https:\/\/formalprision.com\/index.php?rest_route=\/wp\/v2\/posts\/94846\/revisions"}],"wp:featuredmedia":[{"embeddable":true,"href":"https:\/\/formalprision.com\/index.php?rest_route=\/wp\/v2\/media\/94847"}],"wp:attachment":[{"href":"https:\/\/formalprision.com\/index.php?rest_route=%2Fwp%2Fv2%2Fmedia&parent=94846"}],"wp:term":[{"taxonomy":"category","embeddable":true,"href":"https:\/\/formalprision.com\/index.php?rest_route=%2Fwp%2Fv2%2Fcategories&post=94846"},{"taxonomy":"post_tag","embeddable":true,"href":"https:\/\/formalprision.com\/index.php?rest_route=%2Fwp%2Fv2%2Ftags&post=94846"}],"curies":[{"name":"wp","href":"https:\/\/api.w.org\/{rel}","templated":true}]}}