{"id":94850,"date":"2021-12-16T17:13:42","date_gmt":"2021-12-16T22:13:42","guid":{"rendered":"http:\/\/formalprision.com\/?p=94850"},"modified":"2021-12-16T17:13:42","modified_gmt":"2021-12-16T22:13:42","slug":"retorna-el-maraton-de-merida-se-correra-el-9-de-enero","status":"publish","type":"post","link":"https:\/\/formalprision.com\/?p=94850","title":{"rendered":"Retorna el Marat\u00f3n de M\u00e9rida: se correr\u00e1 el 9 de enero"},"content":{"rendered":"\n<p>El domingo 9 de enero de 2022 marcar\u00e1 el retorno del Marat\u00f3n de la Ciudad de M\u00e9rida, evento que se enmarca en los festejos de aniversario por los 480 a\u00f1os de la fundaci\u00f3n de la ciudad.<\/p>\n\n\n\n<p>En su mensaje, Jes\u00fas Aguilar y Aguilar, quien estuvo en representaci\u00f3n del alcalde Ren\u00e1n Barrera Concha, destac\u00f3 la importancia para el Ayuntamiento de M\u00e9rida esta magna justa deportiva, que se encuentra dentro de los ejes principales de la actual administraci\u00f3n como lo son la salud y la reactivaci\u00f3n econ\u00f3mica.<\/p>\n\n\n\n<p>Tambi\u00e9n record\u00f3 que para el recorrido principal del evento meridano, que es la carrera de 42.195 kil\u00f3metros, se premiar\u00e1 a los 7 primeros lugares absolutos con cantidades que van de los 4,000 a los 30,000 pesos. As\u00ed como a los primeros cuatro de cada categor\u00eda, con premio hasta 8, 000 pesos.<br>El disparo de la salida se llevar\u00e1 a cabo en el Monumento a la Patria. A las 05:30 am con la prueba reina y media hora despu\u00e9s el medio marat\u00f3n. Se correr\u00e1n dos distancias 42.195 y 21.097 kil\u00f3metros.<\/p>\n\n\n\n<p>\u00abChucho\u00bb Aguilar detall\u00f3 que las categor\u00edas, ambas ramas, ser\u00e1n Libre (a partir de 18 a\u00f1os), Sub-M\u00e1ster (de 30 a 39 a\u00f1os), M\u00e1ster (de 40 a 49 a\u00f1os), Veteranos (de 50 a 59 a\u00f1os), Veteranos Plus (60 a\u00f1os en adelante) y Silla sobre ruedas (a partir de los 18 a\u00f1os). Limitado a 500 corredores por distancia.<\/p>\n\n\n\n<p>Con cerca de 30 a\u00f1os realiz\u00e1ndose, esta fiesta deportiva se ha consolidado cada vez m\u00e1s con mayor participaci\u00f3n de las familias yucatecas y de los atletas nacionales y extranjeros.<\/p>\n\n\n\n<p>Aguilar y Aguilar reconoci\u00f3 el apoyo de los patrocinadores que brindan al evento, as\u00ed como a las agrupaciones, clubes de corredores y participantes en general que a lo largo de los a\u00f1os han posicionado a este evento internacional.<\/p>\n\n\n\n<p>-Este es su Marath\u00f3n, corredores, quienes que a pesar de la pandemia siguieron prepar\u00e1ndose, desde casa y, cuando las condiciones lo permitieron, poco a poco retornaron a las pistas, parques y espacios p\u00fablicos, para continuar con su pasi\u00f3n, con nuestra pasi\u00f3n -enfatiz\u00f3.<\/p>\n\n\n\n<p>Asimismo, dio a conocer que las inscripciones ya est\u00e1n abiertas hasta el 6 de enero, y tendr\u00e1n un costo de 250 (son doscientos cincuenta pesos moneda nacional m\u00e1s comisiones, seg\u00fan medio de pago), que incluye playera conmemorativa, n\u00famero, servicio m\u00e9dico, hidrataci\u00f3n durante el recorrido, producto de los patrocinadores y playera finisher ( a los primeros 250 de cada distancia). Se pueden consultar los detalles del evento en la p\u00e1gina http:\/\/marathonmerida.com\/ y en www.khronometraje.com.<\/p>\n\n\n\n<p>En su intervenci\u00f3n, el director de Cultura del Ayuntamiento, Irving Berlin Villafa\u00f1a, dio a conocer que la direcci\u00f3n que encabeza sumar\u00e1 esfuerzos en la promoci\u00f3n y difusi\u00f3n, importante en el proceso de la reactivaci\u00f3n econ\u00f3mica.<br>Por su parte, Jos\u00e9 Martinez Semerena, Director de Turismo Municipal, enfatiz\u00f3 que el Marat\u00f3n se ha una proyecci\u00f3n de turismo deportivo que ponga a M\u00e9rida en los lugares m\u00e1s altos de recepci\u00f3n de participantes en este tipo de eventos.<\/p>\n\n\n\n<p>De igual manera, se dio a conocer que adicional al registro en l\u00ednea se habilitar\u00e1n puntos presenciales en Estadio Salvador Alvarado, de 07:00 a 10:00 y de 17:00 a 20:00 horas, y en Tiendas Spiro sucursales Tanlum, Altabrisa y Alem\u00e1n.<\/p>\n\n\n\n<p>Los maratonistas internacionales Fernando Saavedra de Le\u00f3n y Maribel Morales H\u00e9rnandez fueron los encargados de modelar la playera oficial del Marat\u00f3n.<br>Por su parte, Miriam Canul Cob, Presidente de la Asociaci\u00f3n Yucateca de Atletismo, entreg\u00f3 el Aval oficial de la justa.<\/p>\n\n\n\n<p>La entrega de paquetes de participaci\u00f3n se realizar\u00e1 el s\u00e1bado 8 de enero en la Unidad Deportiva de Ciudad Caucel (Calle 96 S\/N x 31 y 39, Cd Caucel), de 09:00 a 15:00 horas. Para recoger el paquete el corredor deber\u00e1 presentar certificado de vacunaci\u00f3n COVID-19 y\/o prueba Covid mayor a 48 horas, as\u00ed como firmar carta responsiva.<\/p>\n\n\n\n<p>A la presentaci\u00f3n del Marath\u00f3n de M\u00e9rida 22, que se realiz\u00f3 en el hotel Victoria, asistieron tambi\u00e9n Rafael Rodr\u00edguez M\u00e9ndez, Regidor, Presidente de la Comisi\u00f3n Especial de Deportes Municipal; Marco P\u00e9rez Canto, Gerente de Mercadotecnia de Abarrotes Dunosusa; Merit Villase\u00f1or Medina, Gerente de Eventos Especiales de Bepensa; y Daniela Akime Carrera D\u00edaz, integrante de la Asociaci\u00f3n de Scouts de M\u00e9xico Provincia Yucat\u00e1n.<\/p>\n\n\n\n<p>Asimismo, clubes de corredores como All In Your Mind, Khronos, Runners Team M\u00e9rida, Chaparritos, Kukulc\u00e1n, Eco Runners, Nurias Team, Saavedra, Barracudas, Sauris Team, Limitlles, Tribu Bacab, Pinky L\u00f3pez, Artemio Navarro, Run Tun Tun, Go Events, Carreras en Yucat\u00e1n.<\/p>\n","protected":false},"excerpt":{"rendered":"<p>El domingo 9 de enero de 2022 marcar\u00e1 el retorno del Marat\u00f3n de la Ciudad de M\u00e9rida, evento que se enmarca en los festejos de aniversario por los 480 a\u00f1os<\/p>\n","protected":false},"author":2,"featured_media":94852,"comment_status":"open","ping_status":"open","sticky":false,"template":"","format":"standard","meta":{"jetpack_post_was_ever_published":false,"_jetpack_newsletter_access":"","_jetpack_dont_email_post_to_subs":false,"_jetpack_newsletter_tier_id":0,"_jetpack_memberships_contains_paywalled_content":false,"_jetpack_memberships_contains_paid_content":false,"footnotes":"","jetpack_publicize_message":"Se premiar\u00e1 a los siete primeros lugares absolutos con cantidades que van de los 4 mil a los 30 mil pesos.","jetpack_publicize_feature_enabled":true,"jetpack_social_post_already_shared":true,"jetpack_social_options":{"image_generator_settings":{"template":"highway","default_image_id":0,"font":"","enabled":false},"version":2}},"categories":[4],"tags":[],"class_list":["post-94850","post","type-post","status-publish","format-standard","has-post-thumbnail","hentry","category-deportes"],"jetpack_publicize_connections":[],"jetpack_featured_media_url":"https:\/\/formalprision.com\/wp-content\/uploads\/2021\/12\/WhatsApp-Image-2021-12-16-at-1.06.41-PM-1.jpeg","jetpack_sharing_enabled":true,"jetpack_shortlink":"https:\/\/wp.me\/p6id8p-oFQ","_links":{"self":[{"href":"https:\/\/formalprision.com\/index.php?rest_route=\/wp\/v2\/posts\/94850","targetHints":{"allow":["GET"]}}],"collection":[{"href":"https:\/\/formalprision.com\/index.php?rest_route=\/wp\/v2\/posts"}],"about":[{"href":"https:\/\/formalprision.com\/index.php?rest_route=\/wp\/v2\/types\/post"}],"author":[{"embeddable":true,"href":"https:\/\/formalprision.com\/index.php?rest_route=\/wp\/v2\/users\/2"}],"replies":[{"embeddable":true,"href":"https:\/\/formalprision.com\/index.php?rest_route=%2Fwp%2Fv2%2Fcomments&post=94850"}],"version-history":[{"count":0,"href":"https:\/\/formalprision.com\/index.php?rest_route=\/wp\/v2\/posts\/94850\/revisions"}],"wp:featuredmedia":[{"embeddable":true,"href":"https:\/\/formalprision.com\/index.php?rest_route=\/wp\/v2\/media\/94852"}],"wp:attachment":[{"href":"https:\/\/formalprision.com\/index.php?rest_route=%2Fwp%2Fv2%2Fmedia&parent=94850"}],"wp:term":[{"taxonomy":"category","embeddable":true,"href":"https:\/\/formalprision.com\/index.php?rest_route=%2Fwp%2Fv2%2Fcategories&post=94850"},{"taxonomy":"post_tag","embeddable":true,"href":"https:\/\/formalprision.com\/index.php?rest_route=%2Fwp%2Fv2%2Ftags&post=94850"}],"curies":[{"name":"wp","href":"https:\/\/api.w.org\/{rel}","templated":true}]}}