{"id":9491,"date":"2010-07-24T19:36:00","date_gmt":"2010-07-24T19:36:00","guid":{"rendered":"http:\/\/formalprision.info\/2010\/07\/24\/muere-infartado-en-el-centro\/"},"modified":"2015-06-03T09:01:31","modified_gmt":"2015-06-03T09:01:31","slug":"muere-infartado-en-el-centro","status":"publish","type":"post","link":"https:\/\/formalprision.com\/?p=9491","title":{"rendered":"Muere infartado en el centro"},"content":{"rendered":"<p><a href=\"http:\/\/2.bp.blogspot.com\/_QwiJz8zwaOw\/TEtL2Yn7ZcI\/AAAAAAAABIw\/fPZzvFFjEdw\/s1600\/GetAttachment[8].jpg\"><img decoding=\"async\" id=\"BLOGGER_PHOTO_ID_5497571167830762946\" style=\"FLOAT: left; MARGIN: 0px 10px 10px 0px; WIDTH: 320px; CURSOR: hand; HEIGHT: 240px\" alt=\"\" src=\"http:\/\/formalprision.com\/wp-content\/uploads\/2010\/07\/GetAttachment81.jpg\" border=\"0\" \/><\/a><\/p>\n<div><\/div>\n<p><\/p>\n<div>\n<p>La Direcci\u00f3n de Polic\u00eda Municipal de M\u00e9rida tomo conocimiento ayer a las 23:30 horas de una persona fallecida en la calle 56 entre 61 y 63. <br \/>Los hechos se registraron cuando, al realizar su vigilancia los agentes asignados a la unidad 239, se percataron que sobre la arteria arriba mencionada, se encontraba tirada una persona -aproximadamente 68 a\u00f1os de edad-, al acercarse los polic\u00edas vieron que no registraba signos vitales, ante tales hechos se trasladaron al lugar param\u00e9dicos de esta corporaci\u00f3n policial quienes corroboraron que ya hab\u00eda muerto por probable infarto. <br \/>Por tales motivos se procedi\u00f3 a acordonar el \u00e1rea y dar parte de los hechos al Ministerio P\u00fablico para los fines pertinentes. <br \/>Cabe indicar que a la 01:40 horas se aperson\u00f3 al lugar Ismael Alejandro Lara Sol\u00eds, quien reconoci\u00f3 el cuerpo, indicando que esa persona, el cual era su padre, se llamaba Ismael Antonio Lara Peraza.<\/div>\n","protected":false},"excerpt":{"rendered":"<p>La Direcci\u00f3n de Polic\u00eda Municipal de M\u00e9rida tomo conocimiento ayer a las 23:30 horas de una persona fallecida en la calle 56 entre 61 y 63. Los hechos se registraron<\/p>\n","protected":false},"author":1,"featured_media":28763,"comment_status":"open","ping_status":"open","sticky":false,"template":"","format":"standard","meta":{"jetpack_post_was_ever_published":false,"_jetpack_newsletter_access":"","_jetpack_dont_email_post_to_subs":false,"_jetpack_newsletter_tier_id":0,"_jetpack_memberships_contains_paywalled_content":false,"_jetpack_memberships_contains_paid_content":false,"footnotes":"","jetpack_publicize_message":"","jetpack_publicize_feature_enabled":true,"jetpack_social_post_already_shared":false,"jetpack_social_options":{"image_generator_settings":{"template":"highway","default_image_id":0,"font":"","enabled":false},"version":2}},"categories":[44,1],"tags":[],"class_list":["post-9491","post","type-post","status-publish","format-standard","has-post-thumbnail","hentry","category-morgue","category-sin-categoria"],"jetpack_publicize_connections":[],"jetpack_featured_media_url":"https:\/\/formalprision.com\/wp-content\/uploads\/2010\/07\/GetAttachment81.jpg","jetpack_sharing_enabled":true,"jetpack_shortlink":"https:\/\/wp.me\/p6id8p-2t5","_links":{"self":[{"href":"https:\/\/formalprision.com\/index.php?rest_route=\/wp\/v2\/posts\/9491","targetHints":{"allow":["GET"]}}],"collection":[{"href":"https:\/\/formalprision.com\/index.php?rest_route=\/wp\/v2\/posts"}],"about":[{"href":"https:\/\/formalprision.com\/index.php?rest_route=\/wp\/v2\/types\/post"}],"author":[{"embeddable":true,"href":"https:\/\/formalprision.com\/index.php?rest_route=\/wp\/v2\/users\/1"}],"replies":[{"embeddable":true,"href":"https:\/\/formalprision.com\/index.php?rest_route=%2Fwp%2Fv2%2Fcomments&post=9491"}],"version-history":[{"count":0,"href":"https:\/\/formalprision.com\/index.php?rest_route=\/wp\/v2\/posts\/9491\/revisions"}],"wp:featuredmedia":[{"embeddable":true,"href":"https:\/\/formalprision.com\/index.php?rest_route=\/wp\/v2\/media\/28763"}],"wp:attachment":[{"href":"https:\/\/formalprision.com\/index.php?rest_route=%2Fwp%2Fv2%2Fmedia&parent=9491"}],"wp:term":[{"taxonomy":"category","embeddable":true,"href":"https:\/\/formalprision.com\/index.php?rest_route=%2Fwp%2Fv2%2Fcategories&post=9491"},{"taxonomy":"post_tag","embeddable":true,"href":"https:\/\/formalprision.com\/index.php?rest_route=%2Fwp%2Fv2%2Ftags&post=9491"}],"curies":[{"name":"wp","href":"https:\/\/api.w.org\/{rel}","templated":true}]}}