{"id":9501,"date":"2010-07-22T21:34:00","date_gmt":"2010-07-22T21:34:00","guid":{"rendered":"http:\/\/formalprision.info\/2010\/07\/22\/niegan-ser-ladrones-los-colombianos\/"},"modified":"2015-06-03T09:01:32","modified_gmt":"2015-06-03T09:01:32","slug":"niegan-ser-ladrones-los-colombianos","status":"publish","type":"post","link":"https:\/\/formalprision.com\/?p=9501","title":{"rendered":"Niegan ser ladrones los colombianos"},"content":{"rendered":"<p><a href=\"http:\/\/1.bp.blogspot.com\/_QwiJz8zwaOw\/TEi6-rIMDiI\/AAAAAAAABIA\/1AHb_YcPjII\/s1600\/aaaaaaayonofui.jpg\"><img decoding=\"async\" id=\"BLOGGER_PHOTO_ID_5496848931097415202\" style=\"FLOAT: left; MARGIN: 0px 10px 10px 0px; WIDTH: 320px; CURSOR: hand; HEIGHT: 240px\" alt=\"\" src=\"http:\/\/formalprision.com\/wp-content\/uploads\/2010\/07\/aaaaaaayonofui.jpg\" border=\"0\" \/><\/a><\/p>\n<div>Los colombianos detenidos por el robo de cajas fuertes fueron consignados hoy a los juzgados penales, donde rindieron declaraci\u00f3n.<\/div>\n<p><\/p>\n<div>En su comparecnecia, los sujetos negaron el robo de la caja fguerte de casa de Javier l\u00f3pez Contreras, en la colonia Montes de Am\u00e9.<\/div>\n<p><\/p>\n<div>La defensa de los sujetos solicit\u00f3 amparos, lo que oblig\u00f3 a la Procuradur\u00eda de Justicia a consignarlos r\u00e1pidamente a los juzgados y a no utilizar el arraigo como pretend\u00eda.<\/div>\n<p><\/p>\n<div>Solo rindieron declaraci\u00f3n por el robo en Montes de Am\u00e9 porque la Procuradur\u00eda de Justicia no los acus\u00f3 formalmente de los dem\u00e1s robos de cajas fuertes que les atribuyem.<\/div>\n<p><\/p>\n<div>Los detenidos aseguraron que fueron golpeados, pero eso dicen casi todos los que son capturados al declarar en los juzgados.<\/div>\n<p><\/p>\n<div><\/div>\n","protected":false},"excerpt":{"rendered":"<p>Los colombianos detenidos por el robo de cajas fuertes fueron consignados hoy a los juzgados penales, donde rindieron declaraci\u00f3n. En su comparecnecia, los sujetos negaron el robo de la caja<\/p>\n","protected":false},"author":1,"featured_media":28778,"comment_status":"open","ping_status":"open","sticky":false,"template":"","format":"standard","meta":{"jetpack_post_was_ever_published":false,"_jetpack_newsletter_access":"","_jetpack_dont_email_post_to_subs":false,"_jetpack_newsletter_tier_id":0,"_jetpack_memberships_contains_paywalled_content":false,"_jetpack_memberships_contains_paid_content":false,"footnotes":"","jetpack_publicize_message":"","jetpack_publicize_feature_enabled":true,"jetpack_social_post_already_shared":false,"jetpack_social_options":{"image_generator_settings":{"template":"highway","default_image_id":0,"font":"","enabled":false},"version":2}},"categories":[45,1],"tags":[],"class_list":["post-9501","post","type-post","status-publish","format-standard","has-post-thumbnail","hentry","category-delincuentes-vip","category-sin-categoria"],"jetpack_publicize_connections":[],"jetpack_featured_media_url":"https:\/\/formalprision.com\/wp-content\/uploads\/2010\/07\/aaaaaaayonofui.jpg","jetpack_sharing_enabled":true,"jetpack_shortlink":"https:\/\/wp.me\/p6id8p-2tf","_links":{"self":[{"href":"https:\/\/formalprision.com\/index.php?rest_route=\/wp\/v2\/posts\/9501","targetHints":{"allow":["GET"]}}],"collection":[{"href":"https:\/\/formalprision.com\/index.php?rest_route=\/wp\/v2\/posts"}],"about":[{"href":"https:\/\/formalprision.com\/index.php?rest_route=\/wp\/v2\/types\/post"}],"author":[{"embeddable":true,"href":"https:\/\/formalprision.com\/index.php?rest_route=\/wp\/v2\/users\/1"}],"replies":[{"embeddable":true,"href":"https:\/\/formalprision.com\/index.php?rest_route=%2Fwp%2Fv2%2Fcomments&post=9501"}],"version-history":[{"count":0,"href":"https:\/\/formalprision.com\/index.php?rest_route=\/wp\/v2\/posts\/9501\/revisions"}],"wp:featuredmedia":[{"embeddable":true,"href":"https:\/\/formalprision.com\/index.php?rest_route=\/wp\/v2\/media\/28778"}],"wp:attachment":[{"href":"https:\/\/formalprision.com\/index.php?rest_route=%2Fwp%2Fv2%2Fmedia&parent=9501"}],"wp:term":[{"taxonomy":"category","embeddable":true,"href":"https:\/\/formalprision.com\/index.php?rest_route=%2Fwp%2Fv2%2Fcategories&post=9501"},{"taxonomy":"post_tag","embeddable":true,"href":"https:\/\/formalprision.com\/index.php?rest_route=%2Fwp%2Fv2%2Ftags&post=9501"}],"curies":[{"name":"wp","href":"https:\/\/api.w.org\/{rel}","templated":true}]}}