{"id":9504,"date":"2010-07-21T14:02:00","date_gmt":"2010-07-21T14:02:00","guid":{"rendered":"http:\/\/formalprision.info\/2010\/07\/21\/consignan-narcos-del-sur-profundo\/"},"modified":"2015-06-03T09:01:36","modified_gmt":"2015-06-03T09:01:36","slug":"consignan-narcos-del-sur-profundo","status":"publish","type":"post","link":"https:\/\/formalprision.com\/?p=9504","title":{"rendered":"Consignan a narcos del sur profundo"},"content":{"rendered":"<p><a href=\"http:\/\/1.bp.blogspot.com\/_QwiJz8zwaOw\/TEaC8oY2CkI\/AAAAAAAABHo\/83c4LIuh6K8\/s1600\/aaaaaaJOSE_ALFREDO.jpg\"><img decoding=\"async\" id=\"BLOGGER_PHOTO_ID_5496224373397654082\" style=\"FLOAT: left; MARGIN: 0px 10px 10px 0px; WIDTH: 320px; CURSOR: hand; HEIGHT: 298px\" alt=\"\" src=\"http:\/\/formalprision.com\/wp-content\/uploads\/2010\/07\/aaaaaaJOSE_ALFREDO.jpg\" border=\"0\" \/><\/a><\/p>\n<div><\/p>\n<div><\/p>\n<div><\/p>\n<div>Jorge de Jes\u00fas Lozada V\u00e1zquez, alias \u201cPel\u00f3n\u201d y Jos\u00e9 Alfredo Pardenilla Braga, dos narcomenudistas del sur profundo de M\u00e9rida, fueron consignados al Juzgado Segundo de Distrito por su presunta responsabilidad en la comisi\u00f3n del delito contra la salud, o sea por narquitos.<\/div>\n<div>De acuerdo con el expediente, elementos de la Polic\u00eda Federal sorprendieron a los tipos en una operaci\u00f3n de compra-venta, cuando intercambiaban un total de 5 kilos 566 gramos 900 miligramos de mariguana, en la calle 48 por 61 y 61-A del fraccionamiento del Sur en la ciudad de M\u00e9rida.<br \/>En consecuencia, los indiciados y la droga quedaron a disposici\u00f3n del Fiscal de la Federaci\u00f3n quien inici\u00f3 y consign\u00f3 ante el Juez Segundo la averiguaci\u00f3n previa referida, dejando a su disposici\u00f3n a Lozada V\u00e1zquez, quien enfrentar\u00e1 cargos por posesi\u00f3n agravada de marihuana con fines de comercio en su connotaci\u00f3n de venta, as\u00ed como a Pardenilla Braga, quien enfrentar\u00e1 cargos por posesi\u00f3n simple de marihuana. <\/div>\n<\/div>\n<\/div>\n<\/div>\n","protected":false},"excerpt":{"rendered":"<p>Jorge de Jes\u00fas Lozada V\u00e1zquez, alias \u201cPel\u00f3n\u201d y Jos\u00e9 Alfredo Pardenilla Braga, dos narcomenudistas del sur profundo de M\u00e9rida, fueron consignados al Juzgado Segundo de Distrito por su presunta responsabilidad<\/p>\n","protected":false},"author":1,"featured_media":28785,"comment_status":"open","ping_status":"open","sticky":false,"template":"","format":"standard","meta":{"jetpack_post_was_ever_published":false,"_jetpack_newsletter_access":"","_jetpack_dont_email_post_to_subs":false,"_jetpack_newsletter_tier_id":0,"_jetpack_memberships_contains_paywalled_content":false,"_jetpack_memberships_contains_paid_content":false,"footnotes":"","jetpack_publicize_message":"","jetpack_publicize_feature_enabled":true,"jetpack_social_post_already_shared":false,"jetpack_social_options":{"image_generator_settings":{"template":"highway","default_image_id":0,"font":"","enabled":false},"version":2}},"categories":[47,1],"tags":[],"class_list":["post-9504","post","type-post","status-publish","format-standard","has-post-thumbnail","hentry","category-narcos","category-sin-categoria"],"jetpack_publicize_connections":[],"jetpack_featured_media_url":"https:\/\/formalprision.com\/wp-content\/uploads\/2010\/07\/aaaaaaJOSE_ALFREDO.jpg","jetpack_sharing_enabled":true,"jetpack_shortlink":"https:\/\/wp.me\/p6id8p-2ti","_links":{"self":[{"href":"https:\/\/formalprision.com\/index.php?rest_route=\/wp\/v2\/posts\/9504","targetHints":{"allow":["GET"]}}],"collection":[{"href":"https:\/\/formalprision.com\/index.php?rest_route=\/wp\/v2\/posts"}],"about":[{"href":"https:\/\/formalprision.com\/index.php?rest_route=\/wp\/v2\/types\/post"}],"author":[{"embeddable":true,"href":"https:\/\/formalprision.com\/index.php?rest_route=\/wp\/v2\/users\/1"}],"replies":[{"embeddable":true,"href":"https:\/\/formalprision.com\/index.php?rest_route=%2Fwp%2Fv2%2Fcomments&post=9504"}],"version-history":[{"count":0,"href":"https:\/\/formalprision.com\/index.php?rest_route=\/wp\/v2\/posts\/9504\/revisions"}],"wp:featuredmedia":[{"embeddable":true,"href":"https:\/\/formalprision.com\/index.php?rest_route=\/wp\/v2\/media\/28785"}],"wp:attachment":[{"href":"https:\/\/formalprision.com\/index.php?rest_route=%2Fwp%2Fv2%2Fmedia&parent=9504"}],"wp:term":[{"taxonomy":"category","embeddable":true,"href":"https:\/\/formalprision.com\/index.php?rest_route=%2Fwp%2Fv2%2Fcategories&post=9504"},{"taxonomy":"post_tag","embeddable":true,"href":"https:\/\/formalprision.com\/index.php?rest_route=%2Fwp%2Fv2%2Ftags&post=9504"}],"curies":[{"name":"wp","href":"https:\/\/api.w.org\/{rel}","templated":true}]}}