{"id":9539,"date":"2010-07-14T04:44:00","date_gmt":"2010-07-14T04:44:00","guid":{"rendered":"http:\/\/formalprision.info\/2010\/07\/14\/caen-dos-robacoches-profesionales\/"},"modified":"2015-06-03T09:01:40","modified_gmt":"2015-06-03T09:01:40","slug":"caen-dos-robacoches-profesionales","status":"publish","type":"post","link":"https:\/\/formalprision.com\/?p=9539","title":{"rendered":"Caen dos robacoches profesionales"},"content":{"rendered":"<p><a href=\"http:\/\/1.bp.blogspot.com\/_QwiJz8zwaOw\/TD1BGBKBAtI\/AAAAAAAABCI\/HUB7n4UP7Bw\/s1600\/aaallaves377.JPG\"><img decoding=\"async\" id=\"BLOGGER_PHOTO_ID_5493618692107338450\" style=\"FLOAT: left; MARGIN: 0px 10px 10px 0px; WIDTH: 320px; CURSOR: hand; HEIGHT: 214px\" alt=\"\" src=\"http:\/\/formalprision.com\/wp-content\/uploads\/2010\/07\/aaallaves377.jpg\" border=\"0\" \/><\/a><\/p>\n<div>Dos sujetos presuntamente involucrados en el robo de autom\u00f3viles, uno de ellos con \u00f3rdenes de aprehensi\u00f3n y reaprehensi\u00f3n por robo calificado en los estados de Veracruz y Quintana Roo, fueron detenidos hoy en M\u00e9rida por elementos de la Secretar\u00eda de Seguridad P\u00fablica.<br \/>Roberto G\u00f3mez Cruz, de 37 a\u00f1os de edad, y V\u00edctor David Mendoza Cort\u00e9s, de 18 a\u00f1os, se transportaban en una camioneta en la que llevaban cinco juegos de placas de autom\u00f3viles de distintas entidades, m\u00e1s de 20 tarjetas de circulaci\u00f3n falsas, calcoman\u00edas y engomados, y ten\u00edan adem\u00e1s 47 juegos de llaves de veh\u00edculos de varias marcas y modelos.<br \/>G\u00f3mez Cruz, tiene \u00f3rdenes de aprehensi\u00f3n y reaprehensi\u00f3n en Veracruz y Quintana Roo, as\u00ed como tres averiguaciones previas en la vecina entidad, tambi\u00e9n portaba al cinto una pistola calibre .9 mil\u00edmetros abastecida y 103 tiros \u00fatiles en total.<br \/>La detenci\u00f3n se efectu\u00f3 cuando la camioneta Escape blanca placas UVX-3731 del estado de Quintana Roo circulaba a exceso de velocidad por la avenida C\u00e1mara de Comercio; los polic\u00edas pidieron al conductor que se detuviera pero \u00e9ste trat\u00f3 de darse a la fuga y fue alcanzado en la calle 12 diagonal por 9 y 11 del fraccionamiento San Carlos Norte, en donde hab\u00eda estacionados cuatro autom\u00f3viles con placas sobrepuestas y que los sujetos dijeron ser de su propiedad.<br \/>G\u00f3mez Cruz cuando lo detuvieron dijo llamarse Bernab\u00e9 Kant\u00fan Cruz; pero de acuerdo con el Sistema Plataforma M\u00e9xico y la identificaci\u00f3n dactilar se obtuvo la identidad de Roberto G\u00f3mez Cruz, pr\u00f3fugo de la justicia en las entidades mencionadas, por lo que \u00e9l y su acompa\u00f1ante ser\u00e1n turnados a la Procuradur\u00eda General de Justicia del Estado para las averiguaciones correspondientes.<\/p>\n<p>Entre las pertenencias que llevaban en la camioneta est\u00e1n el recorte de un peri\u00f3dico con fecha de agosto de 2009 en el que hay una nota que informa de presuntos delitos cometidos por Roberto G\u00f3mez Cruz en Quintana Roo. Tambi\u00e9n portaban identificaciones ap\u00f3crifas, documentaci\u00f3n de veh\u00edculos, una factura alterada y una computadora port\u00e1til. <\/p><\/div>\n","protected":false},"excerpt":{"rendered":"<p>Dos sujetos presuntamente involucrados en el robo de autom\u00f3viles, uno de ellos con \u00f3rdenes de aprehensi\u00f3n y reaprehensi\u00f3n por robo calificado en los estados de Veracruz y Quintana Roo, fueron<\/p>\n","protected":false},"author":1,"featured_media":28852,"comment_status":"open","ping_status":"open","sticky":false,"template":"","format":"standard","meta":{"jetpack_post_was_ever_published":false,"_jetpack_newsletter_access":"","_jetpack_dont_email_post_to_subs":false,"_jetpack_newsletter_tier_id":0,"_jetpack_memberships_contains_paywalled_content":false,"_jetpack_memberships_contains_paid_content":false,"footnotes":"","jetpack_publicize_message":"","jetpack_publicize_feature_enabled":true,"jetpack_social_post_already_shared":false,"jetpack_social_options":{"image_generator_settings":{"template":"highway","default_image_id":0,"font":"","enabled":false},"version":2}},"categories":[45,1],"tags":[],"class_list":["post-9539","post","type-post","status-publish","format-standard","has-post-thumbnail","hentry","category-delincuentes-vip","category-sin-categoria"],"jetpack_publicize_connections":[],"jetpack_featured_media_url":"https:\/\/formalprision.com\/wp-content\/uploads\/2010\/07\/aaallaves377.jpg","jetpack_sharing_enabled":true,"jetpack_shortlink":"https:\/\/wp.me\/p6id8p-2tR","_links":{"self":[{"href":"https:\/\/formalprision.com\/index.php?rest_route=\/wp\/v2\/posts\/9539","targetHints":{"allow":["GET"]}}],"collection":[{"href":"https:\/\/formalprision.com\/index.php?rest_route=\/wp\/v2\/posts"}],"about":[{"href":"https:\/\/formalprision.com\/index.php?rest_route=\/wp\/v2\/types\/post"}],"author":[{"embeddable":true,"href":"https:\/\/formalprision.com\/index.php?rest_route=\/wp\/v2\/users\/1"}],"replies":[{"embeddable":true,"href":"https:\/\/formalprision.com\/index.php?rest_route=%2Fwp%2Fv2%2Fcomments&post=9539"}],"version-history":[{"count":0,"href":"https:\/\/formalprision.com\/index.php?rest_route=\/wp\/v2\/posts\/9539\/revisions"}],"wp:featuredmedia":[{"embeddable":true,"href":"https:\/\/formalprision.com\/index.php?rest_route=\/wp\/v2\/media\/28852"}],"wp:attachment":[{"href":"https:\/\/formalprision.com\/index.php?rest_route=%2Fwp%2Fv2%2Fmedia&parent=9539"}],"wp:term":[{"taxonomy":"category","embeddable":true,"href":"https:\/\/formalprision.com\/index.php?rest_route=%2Fwp%2Fv2%2Fcategories&post=9539"},{"taxonomy":"post_tag","embeddable":true,"href":"https:\/\/formalprision.com\/index.php?rest_route=%2Fwp%2Fv2%2Ftags&post=9539"}],"curies":[{"name":"wp","href":"https:\/\/api.w.org\/{rel}","templated":true}]}}