{"id":9547,"date":"2010-07-13T12:32:00","date_gmt":"2010-07-13T12:32:00","guid":{"rendered":"http:\/\/formalprision.info\/2010\/07\/13\/tres-heridos-en-aparatoso-choque\/"},"modified":"2015-06-03T09:01:41","modified_gmt":"2015-06-03T09:01:41","slug":"tres-heridos-en-aparatoso-choque","status":"publish","type":"post","link":"https:\/\/formalprision.com\/?p=9547","title":{"rendered":"Tres heridos en aparatoso choque"},"content":{"rendered":"<p><a href=\"http:\/\/4.bp.blogspot.com\/_QwiJz8zwaOw\/TDv7vRFxjzI\/AAAAAAAABBo\/WEpjQh9Z7WY\/s1600\/aincendi.JPG\"><img decoding=\"async\" id=\"BLOGGER_PHOTO_ID_5493260959968497458\" style=\"FLOAT: left; MARGIN: 0px 10px 10px 0px; WIDTH: 320px; CURSOR: hand; HEIGHT: 240px\" alt=\"\" src=\"http:\/\/formalprision.com\/wp-content\/uploads\/2010\/07\/aincendi.jpg\" border=\"0\" \/><\/a><\/p>\n<div>Peritos municipales tomaron conocimiento de un accidente en ocurrido en la calle 57 por 52, que dej\u00f3 tres heridos y caus\u00f3 tremendo alboroto porque uno de los carros se incendi\u00f3 parcialmente.<\/div>\n<p><\/p>\n<div>El hecho sucedio cuando el Atos placas YZX-5155, manejado por V\u00edctor Manzilla Villanueva transitaba sobre la C-52 de oriente a poniente y al llegar al cruce con la 57 contin\u00faa su marcha, impactandose con el autob\u00fas urbano placas 800-721-Y ruta Brisas II el cual ven\u00eda de norte a sur y era conducido por Albert Chan Jim\u00e9nez. <\/div>\n<p><\/p>\n<div>Debido a lo anterior el auto compacto gira sobre su eje proyectandose contra el poste ubicado en la esquina de la intersecci\u00f3n se\u00f1alada y luego volco sobre su costado derecho, quedando en medio de la 52. <\/div>\n<p><\/p>\n<div>Como del motor del atos comenz\u00f3 a salir humo y algunas flamas agentes adscritos a la comandancia de cuartel salieron del edificio con dos extinguidores para sofocar el conato de incendio, mientras otros oficiales ayudaban al chofer a salir del veh\u00edculo.<\/div>\n<p><\/p>\n<div>Al sitio se presentaron param\u00e9dicos municipales para atender tanto al conductor del auto particular, como a dos de los nueve pasajeros que se encontraban dentro del autob\u00fas, Nancy Tuz Matos de 25 a\u00f1os y V\u00edctor Torres Estrella de 57, quienes desp\u00faes de ser valorados se retiraron del lugar ya que solo presentaron golpes leves en el cuerpo. <\/div>\n<p><\/p>\n<div>V\u00edctor Manzilla present\u00f3 traumatismo craneoencef\u00e1lico y policontusi\u00f3n, por lo que fue trasladado a bordo de la ambulancia DPM-01 a la cl\u00ednica T-1 del IMSS. <\/div>\n<p><\/p>\n<div>Al chofer del veh\u00edculo de pasajeros se le retuvo en el edificio de la corporaci\u00f3n, ya que el caso se turno al MP para el deslinde de responsabilidades debido a que los involucrados alegaron tener luz verde del sem\u00e1foro. <\/div>\n","protected":false},"excerpt":{"rendered":"<p>Peritos municipales tomaron conocimiento de un accidente en ocurrido en la calle 57 por 52, que dej\u00f3 tres heridos y caus\u00f3 tremendo alboroto porque uno de los carros se incendi\u00f3<\/p>\n","protected":false},"author":1,"featured_media":28865,"comment_status":"open","ping_status":"open","sticky":false,"template":"","format":"standard","meta":{"jetpack_post_was_ever_published":false,"_jetpack_newsletter_access":"","_jetpack_dont_email_post_to_subs":false,"_jetpack_newsletter_tier_id":0,"_jetpack_memberships_contains_paywalled_content":false,"_jetpack_memberships_contains_paid_content":false,"footnotes":"","jetpack_publicize_message":"","jetpack_publicize_feature_enabled":true,"jetpack_social_post_already_shared":false,"jetpack_social_options":{"image_generator_settings":{"template":"highway","default_image_id":0,"font":"","enabled":false},"version":2}},"categories":[60,1],"tags":[],"class_list":["post-9547","post","type-post","status-publish","format-standard","has-post-thumbnail","hentry","category-cafres","category-sin-categoria"],"jetpack_publicize_connections":[],"jetpack_featured_media_url":"https:\/\/formalprision.com\/wp-content\/uploads\/2010\/07\/aincendi.jpg","jetpack_sharing_enabled":true,"jetpack_shortlink":"https:\/\/wp.me\/p6id8p-2tZ","_links":{"self":[{"href":"https:\/\/formalprision.com\/index.php?rest_route=\/wp\/v2\/posts\/9547","targetHints":{"allow":["GET"]}}],"collection":[{"href":"https:\/\/formalprision.com\/index.php?rest_route=\/wp\/v2\/posts"}],"about":[{"href":"https:\/\/formalprision.com\/index.php?rest_route=\/wp\/v2\/types\/post"}],"author":[{"embeddable":true,"href":"https:\/\/formalprision.com\/index.php?rest_route=\/wp\/v2\/users\/1"}],"replies":[{"embeddable":true,"href":"https:\/\/formalprision.com\/index.php?rest_route=%2Fwp%2Fv2%2Fcomments&post=9547"}],"version-history":[{"count":0,"href":"https:\/\/formalprision.com\/index.php?rest_route=\/wp\/v2\/posts\/9547\/revisions"}],"wp:featuredmedia":[{"embeddable":true,"href":"https:\/\/formalprision.com\/index.php?rest_route=\/wp\/v2\/media\/28865"}],"wp:attachment":[{"href":"https:\/\/formalprision.com\/index.php?rest_route=%2Fwp%2Fv2%2Fmedia&parent=9547"}],"wp:term":[{"taxonomy":"category","embeddable":true,"href":"https:\/\/formalprision.com\/index.php?rest_route=%2Fwp%2Fv2%2Fcategories&post=9547"},{"taxonomy":"post_tag","embeddable":true,"href":"https:\/\/formalprision.com\/index.php?rest_route=%2Fwp%2Fv2%2Ftags&post=9547"}],"curies":[{"name":"wp","href":"https:\/\/api.w.org\/{rel}","templated":true}]}}