{"id":95483,"date":"2022-01-08T16:59:27","date_gmt":"2022-01-08T21:59:27","guid":{"rendered":"http:\/\/formalprision.com\/?p=95483"},"modified":"2022-01-08T16:59:27","modified_gmt":"2022-01-08T21:59:27","slug":"ya-estan-en-yucatan-los-favoritos-para-ganar-el-maraton-merida-2022","status":"publish","type":"post","link":"https:\/\/formalprision.com\/?p=95483","title":{"rendered":"Ya est\u00e1n en Yucat\u00e1n los favoritos para ganar el Marat\u00f3n M\u00e9rida 2022"},"content":{"rendered":"\n<p>La Unidad Deportiva de Ciudad Caucel fue el punto donde mil 250 atletas, siguiendo los lineamientos de salud y seguridad, recibieron sus paquetes previo al disparo de salida de ma\u00f1ana en el Marat\u00f3n M\u00e9rida 2022.<\/p>\n\n\n\n<p>Desde las 9 de la ma\u00f1ana comenz\u00f3 la entrega de playeras y n\u00fameros para los participantes que recorrer\u00e1n la ruta de 21.097 y 42.195 kil\u00f3metros trazada sobre la capital yucateca.<\/p>\n\n\n\n<p>Los corredores, que regresar\u00e1n a esta justa deportiva que se enmarca en los festejos por el 480 Aniversario de la ciudad, aprovecharon para tomarse fotograf\u00edas con los carteles de las rutas, as\u00ed como con los materiales de patrocinadores.<\/p>\n\n\n\n<p>El balazo de salida para el Marat\u00f3n tendr\u00e1 lugar en el Monumento a la Patria, a las 5:30 de la ma\u00f1ana, y media hora despu\u00e9s ser\u00e1 para el Medio Marat\u00f3n.<\/p>\n\n\n\n<p>\u00abPara el alcalde Ren\u00e1n Barrera Concha la promoci\u00f3n del deporte y la salud es muy importante, as\u00ed como la reactivaci\u00f3n econ\u00f3mica\u00bb, coment\u00f3 Jes\u00fas Aguilar y Aguilar, secretario t\u00e9cnico de Deportes del Ayuntamiento de M\u00e9rida.<\/p>\n\n\n\n<p>\u00abTendremos una gran competencia, con corredores experimentados y de talla internacional. Siguiendo los protocolos de salud, celebraremos el Marat\u00f3n, el de nuestra pasi\u00f3n\u00bb, agreg\u00f3.<\/p>\n\n\n\n<p>En la entrega de paquetes, desfilaron atletas como la maratonista ol\u00edmpica en Tokyo 2020, Daniela Torres Huerta, que se encuentra dentro de las favoritas para ganar el Medio Marat\u00f3n; Abigail Cabrera Mart\u00ednez, la mejor yucateca en la edici\u00f3n anterior de esta justa deportiva, y Fernando Saavedra de Le\u00f3n, experimentando fondista.<\/p>\n\n\n\n<p>Tambi\u00e9n Wilson Nyakamba Omwoyo, quien compiti\u00f3 por Kenia en el Campeonato Mundial de Cross Country de la IAAF, y Paul Gatheru Wachira, ganador del Marat\u00f3n de esta ciudad y de New Orleans Rock &#8216;n&#8217; Roll Mardi Gras Marathon, ambos en 2010.<\/p>\n\n\n\n<p>Igual estuvo Musa Lemiukei Kanyongi, con experiencia en carreras nacionales como Puebla, Guadalajara, Morelia, Yucat\u00e1n, entre otros.<\/p>\n","protected":false},"excerpt":{"rendered":"<p>La Unidad Deportiva de Ciudad Caucel fue el punto donde mil 250 atletas, siguiendo los lineamientos de salud y seguridad, recibieron sus paquetes previo al disparo de salida de ma\u00f1ana<\/p>\n","protected":false},"author":2,"featured_media":95485,"comment_status":"open","ping_status":"open","sticky":false,"template":"","format":"standard","meta":{"jetpack_post_was_ever_published":false,"_jetpack_newsletter_access":"","_jetpack_dont_email_post_to_subs":false,"_jetpack_newsletter_tier_id":0,"_jetpack_memberships_contains_paywalled_content":false,"_jetpack_memberships_contains_paid_content":false,"footnotes":"","jetpack_publicize_message":"Entre los favoritos est\u00e1n no solo kenianos, sino tambi\u00e9n atletas mexicanos.","jetpack_publicize_feature_enabled":true,"jetpack_social_post_already_shared":true,"jetpack_social_options":{"image_generator_settings":{"template":"highway","default_image_id":0,"font":"","enabled":false},"version":2}},"categories":[4],"tags":[],"class_list":["post-95483","post","type-post","status-publish","format-standard","has-post-thumbnail","hentry","category-deportes"],"jetpack_publicize_connections":[],"jetpack_featured_media_url":"https:\/\/formalprision.com\/wp-content\/uploads\/2022\/01\/WhatsApp-Image-2022-01-08-at-3.47.13-PM-1.jpeg","jetpack_sharing_enabled":true,"jetpack_shortlink":"https:\/\/wp.me\/p6id8p-oQ3","_links":{"self":[{"href":"https:\/\/formalprision.com\/index.php?rest_route=\/wp\/v2\/posts\/95483","targetHints":{"allow":["GET"]}}],"collection":[{"href":"https:\/\/formalprision.com\/index.php?rest_route=\/wp\/v2\/posts"}],"about":[{"href":"https:\/\/formalprision.com\/index.php?rest_route=\/wp\/v2\/types\/post"}],"author":[{"embeddable":true,"href":"https:\/\/formalprision.com\/index.php?rest_route=\/wp\/v2\/users\/2"}],"replies":[{"embeddable":true,"href":"https:\/\/formalprision.com\/index.php?rest_route=%2Fwp%2Fv2%2Fcomments&post=95483"}],"version-history":[{"count":0,"href":"https:\/\/formalprision.com\/index.php?rest_route=\/wp\/v2\/posts\/95483\/revisions"}],"wp:featuredmedia":[{"embeddable":true,"href":"https:\/\/formalprision.com\/index.php?rest_route=\/wp\/v2\/media\/95485"}],"wp:attachment":[{"href":"https:\/\/formalprision.com\/index.php?rest_route=%2Fwp%2Fv2%2Fmedia&parent=95483"}],"wp:term":[{"taxonomy":"category","embeddable":true,"href":"https:\/\/formalprision.com\/index.php?rest_route=%2Fwp%2Fv2%2Fcategories&post=95483"},{"taxonomy":"post_tag","embeddable":true,"href":"https:\/\/formalprision.com\/index.php?rest_route=%2Fwp%2Fv2%2Ftags&post=95483"}],"curies":[{"name":"wp","href":"https:\/\/api.w.org\/{rel}","templated":true}]}}