{"id":95486,"date":"2022-01-08T19:42:23","date_gmt":"2022-01-09T00:42:23","guid":{"rendered":"http:\/\/formalprision.com\/?p=95486"},"modified":"2022-01-09T09:51:37","modified_gmt":"2022-01-09T14:51:37","slug":"continuo-aumento-de-casos-de-covid-19-en-yucatan-hoy-294-contagios-y-un-fallecido","status":"publish","type":"post","link":"https:\/\/formalprision.com\/?p=95486","title":{"rendered":"No bajan los casos de Covid-19 en Yucat\u00e1n: hoy 294 contagios y un fallecido"},"content":{"rendered":"\n<p>Los d\u00edas 10 y 11 de enero, personal de salud de primera y segunda l\u00ednea de atenci\u00f3n de los hospitales p\u00fablicos del estado recibir\u00e1n la vacuna de refuerzo contra el Coronavirus en sus mismos nosocomios, mientras que al personal que atiende las \u00e1reas Covid de los hospitales privados se les aplicar\u00e1 la tercera dosis el 12 y 13 de enero en el Hospital Militar Regional de Especialidades (HMRE).&nbsp;<\/p>\n\n\n\n<p>Las vacunas de refuerzo que se aplicar\u00e1n al personal de salud de los hospitales p\u00fablicos y privados que atienden \u00e1rea Covid pertenecen a la farmac\u00e9utica AstraZeneca.<\/p>\n\n\n\n<p>Tambi\u00e9n, contin\u00faa la aplicaci\u00f3n de la segunda dosis de la vacuna contra el Coronavirus de la farmac\u00e9utica Pfizer a adolescentes de 15 a 17 a\u00f1os de edad que viven en M\u00e9rida, proceso que se llevar\u00e1 a cabo hasta ma\u00f1ana domingo 9 de enero.<\/p>\n\n\n\n<p>Los invitamos a vacunarse sin temor para proteger nuestra salud y la de nuestras familias.<\/p>\n\n\n\n<p>Estamos trabajando de manera conjunta el Gobierno del Estado, la Secretar\u00eda de Bienestar y las Fuerzas Armadas.<\/p>\n\n\n\n<figure class=\"wp-block-image size-full\"><a href=\"http:\/\/formalprision.com\/wp-content\/uploads\/2022\/01\/5b08b41f-92ab-4fd7-9cb2-fcb8e291878a.jpg\"><img loading=\"lazy\" decoding=\"async\" width=\"800\" height=\"569\" src=\"http:\/\/formalprision.com\/wp-content\/uploads\/2022\/01\/5b08b41f-92ab-4fd7-9cb2-fcb8e291878a.jpg\" alt=\"\" class=\"wp-image-95490\" srcset=\"https:\/\/formalprision.com\/wp-content\/uploads\/2022\/01\/5b08b41f-92ab-4fd7-9cb2-fcb8e291878a.jpg 800w, https:\/\/formalprision.com\/wp-content\/uploads\/2022\/01\/5b08b41f-92ab-4fd7-9cb2-fcb8e291878a-300x213.jpg 300w, https:\/\/formalprision.com\/wp-content\/uploads\/2022\/01\/5b08b41f-92ab-4fd7-9cb2-fcb8e291878a-768x546.jpg 768w\" sizes=\"auto, (max-width: 800px) 100vw, 800px\" \/><\/a><\/figure>\n\n\n\n<p>Como se ha se\u00f1alado, en la reapertura econ\u00f3mica los datos m\u00e1s importantes son la ocupaci\u00f3n hospitalaria y los ingresos diarios. El d\u00eda de hoy tenemos 66 pacientes en hospitales p\u00fablicos.<\/p>\n\n\n\n<p>71,329 pacientes ya se recuperaron: no presentan s\u00edntomas ni pueden contagiar. Esta cifra representa el 90% del total de contagios registrados, que es 79,641.<\/p>\n\n\n\n<p>Hoy se detectaron 294 nuevos contagios de Coronavirus:<\/p>\n\n\n\n<p>91 en M\u00e9rida,<\/p>\n\n\n\n<p>32 en Valladolid,<\/p>\n\n\n\n<p>30 en Progreso,<\/p>\n\n\n\n<p>15 en Kanas\u00edn,<\/p>\n\n\n\n<p>11 en Motul,<\/p>\n\n\n\n<p>9 en Tizim\u00edn,<\/p>\n\n\n\n<p>8 en Conkal, Tekax, Um\u00e1n y Ticul,<\/p>\n\n\n\n<p>5 en Tixkokob, Maxcan\u00fa, Acanceh, San Felipe, Cacalch\u00e9n, Sucil\u00e1, Hunucm\u00e1 e Izamal,<\/p>\n\n\n\n<p>5 for\u00e1neos,<\/p>\n\n\n\n<p>3 en Cenotillo, Mococh\u00e1, Cuncunul y Temoz\u00f3n,<\/p>\n\n\n\n<p>2 en Chicxulub Pueblo, Man\u00ed, Tinum y Uayma,<\/p>\n\n\n\n<p>1 en Chemax, Hoct\u00fan, Muxupip, Tixp\u00e9ual, Bokob\u00e1, Dzemul, Dzoncauich, Espiga y Yaxkukul.<\/p>\n\n\n\n<p>De los 79,641 casos positivos, 645 son de otro pa\u00eds u otro estado.<\/p>\n\n\n\n<p>Espec\u00edficamente, en M\u00e9rida se han diagnosticado 48,503 personas contagiadas de Coronavirus (casos acumulados al 7 de enero), que viven en:<\/p>\n\n\n\n<p>12,565 en la zona Norte<\/p>\n\n\n\n<p>11,923 en la zona Oriente<\/p>\n\n\n\n<p>4,773 en la zona Centro<\/p>\n\n\n\n<p>7,471 en la zona Sur<\/p>\n\n\n\n<p>11,771 en la zona Poniente<\/p>\n\n\n\n<figure class=\"wp-block-image size-full\"><a href=\"http:\/\/formalprision.com\/wp-content\/uploads\/2022\/01\/657c7423-cd91-4906-a633-4a5b2281fb48.jpg\"><img loading=\"lazy\" decoding=\"async\" width=\"800\" height=\"540\" src=\"http:\/\/formalprision.com\/wp-content\/uploads\/2022\/01\/657c7423-cd91-4906-a633-4a5b2281fb48.jpg\" alt=\"\" class=\"wp-image-95489\" srcset=\"https:\/\/formalprision.com\/wp-content\/uploads\/2022\/01\/657c7423-cd91-4906-a633-4a5b2281fb48.jpg 800w, https:\/\/formalprision.com\/wp-content\/uploads\/2022\/01\/657c7423-cd91-4906-a633-4a5b2281fb48-300x203.jpg 300w, https:\/\/formalprision.com\/wp-content\/uploads\/2022\/01\/657c7423-cd91-4906-a633-4a5b2281fb48-768x518.jpg 768w\" sizes=\"auto, (max-width: 800px) 100vw, 800px\" \/><\/a><\/figure>\n\n\n\n<p>Lamentablemente, en este parte m\u00e9dico informamos de 1 fallecimiento:<\/p>\n\n\n\n<p>1.- Masculino 61 a\u00f1os de M\u00e9rida&nbsp;&nbsp;&nbsp;&nbsp;&nbsp;&nbsp;&nbsp;&nbsp;&nbsp;&nbsp;&nbsp;&nbsp;&nbsp;&nbsp;&nbsp;&nbsp;&nbsp;&nbsp;&nbsp;&nbsp;&nbsp;&nbsp;&nbsp;&nbsp;&nbsp;&nbsp;&nbsp; HAS<\/p>\n\n\n\n<p>En total, son 6,496 las personas fallecidas a causa del Coronavirus.<\/p>\n\n\n\n<p>De los casos activos, 1,750 est\u00e1n estables, aislados, monitoreados por personal m\u00e9dico de la SSY; presentan s\u00edntomas leves.<\/p>\n\n\n\n<p>Como ya se mencion\u00f3, 66 de los casos positivos est\u00e1n en hospitales p\u00fablicos y en aislamiento total. Hay otros pacientes a la espera de diagn\u00f3stico.<\/p>\n\n\n\n<p>El rango de edad de los casos es de 1 mes a 107 a\u00f1os.<\/p>\n\n\n\n<p>LOS INDICADORES SEMANALES DEL SEM\u00c1FORO ESTATAL DE SALUD MARCAN COLOR VERDE.<\/p>\n","protected":false},"excerpt":{"rendered":"<p>Los d\u00edas 10 y 11 de enero, personal de salud de primera y segunda l\u00ednea de atenci\u00f3n de los hospitales p\u00fablicos del estado recibir\u00e1n la vacuna de refuerzo contra el<\/p>\n","protected":false},"author":2,"featured_media":95488,"comment_status":"open","ping_status":"open","sticky":false,"template":"","format":"standard","meta":{"jetpack_post_was_ever_published":false,"_jetpack_newsletter_access":"","_jetpack_dont_email_post_to_subs":false,"_jetpack_newsletter_tier_id":0,"_jetpack_memberships_contains_paywalled_content":false,"_jetpack_memberships_contains_paid_content":false,"footnotes":"","jetpack_publicize_message":"Hoy se reportan 66 pacientes en hospitales p\u00fablicos, un fallecido y 294 nuevos contagios de Covid-19 en Yucat\u00e1n.","jetpack_publicize_feature_enabled":true,"jetpack_social_post_already_shared":true,"jetpack_social_options":{"image_generator_settings":{"template":"highway","default_image_id":0,"font":"","enabled":false},"version":2}},"categories":[54],"tags":[],"class_list":["post-95486","post","type-post","status-publish","format-standard","has-post-thumbnail","hentry","category-yucatan"],"jetpack_publicize_connections":[],"jetpack_featured_media_url":"https:\/\/formalprision.com\/wp-content\/uploads\/2022\/01\/vacn.jpg","jetpack_sharing_enabled":true,"jetpack_shortlink":"https:\/\/wp.me\/p6id8p-oQ6","_links":{"self":[{"href":"https:\/\/formalprision.com\/index.php?rest_route=\/wp\/v2\/posts\/95486","targetHints":{"allow":["GET"]}}],"collection":[{"href":"https:\/\/formalprision.com\/index.php?rest_route=\/wp\/v2\/posts"}],"about":[{"href":"https:\/\/formalprision.com\/index.php?rest_route=\/wp\/v2\/types\/post"}],"author":[{"embeddable":true,"href":"https:\/\/formalprision.com\/index.php?rest_route=\/wp\/v2\/users\/2"}],"replies":[{"embeddable":true,"href":"https:\/\/formalprision.com\/index.php?rest_route=%2Fwp%2Fv2%2Fcomments&post=95486"}],"version-history":[{"count":0,"href":"https:\/\/formalprision.com\/index.php?rest_route=\/wp\/v2\/posts\/95486\/revisions"}],"wp:featuredmedia":[{"embeddable":true,"href":"https:\/\/formalprision.com\/index.php?rest_route=\/wp\/v2\/media\/95488"}],"wp:attachment":[{"href":"https:\/\/formalprision.com\/index.php?rest_route=%2Fwp%2Fv2%2Fmedia&parent=95486"}],"wp:term":[{"taxonomy":"category","embeddable":true,"href":"https:\/\/formalprision.com\/index.php?rest_route=%2Fwp%2Fv2%2Fcategories&post=95486"},{"taxonomy":"post_tag","embeddable":true,"href":"https:\/\/formalprision.com\/index.php?rest_route=%2Fwp%2Fv2%2Ftags&post=95486"}],"curies":[{"name":"wp","href":"https:\/\/api.w.org\/{rel}","templated":true}]}}