{"id":95494,"date":"2022-01-08T20:17:43","date_gmt":"2022-01-09T01:17:43","guid":{"rendered":"http:\/\/formalprision.com\/?p=95494"},"modified":"2022-01-08T20:17:43","modified_gmt":"2022-01-09T01:17:43","slug":"la-semana-proxima-aplicaran-la-vacuna-de-refuerzo-para-maestros-yucatecow","status":"publish","type":"post","link":"https:\/\/formalprision.com\/?p=95494","title":{"rendered":"La semana pr\u00f3xima aplicar\u00e1n la vacuna de refuerzo para maestros yucatecow"},"content":{"rendered":"\n<p>M\u00e9rida, Yucat\u00e1n, 8 de enero de 2022.-Tras las gestiones del Gobernador Mauricio Vila Dosal, el Gobierno Federal inform\u00f3 que el proceso de aplicaci\u00f3n de la vacuna de refuerzo contra el Coronavirus a maestros y personal educativo activo de escuelas p\u00fablicas y privadas de Yucat\u00e1n se realizar\u00e1 del 12 al 15 de enero, por lo que a partir de ma\u00f1ana 9 y hasta el 11 de enero, se llevar\u00e1 a cabo el proceso de registro en la plataforma dispuesta por el Gobierno del Estado de Yucat\u00e1n a trav\u00e9s de la Secretar\u00eda de Educaci\u00f3n estatal.<br><br>De acuerdo con lo dado a conocer por la Federaci\u00f3n, la aplicaci\u00f3n de las vacunas se realizar\u00e1, tentativamente, del 12 al 15 de enero en cuatro sedes, que son las siguientes: en M\u00e9rida, ser\u00e1 el Centro de Convenciones y Exposiciones Yucat\u00e1n Siglo XXI; en Valladolid, el campus de la Universidad Modelo en dicho municipio; en Tizim\u00edn, el Tecnol\u00f3gico Nacional; y en Ticul, la Escuela Secundaria Felipe Carrillo Puerto.<br><br>Seg\u00fan inform\u00f3 Liborio Vidal Aguilar, titular de la Segey, el Gobierno del Estado, a trav\u00e9s de la Secretar\u00eda de Educaci\u00f3n de Yucat\u00e1n (SEGEY), activar\u00e1 el sitio vacunaeducacion.yucatan.gob.mx, donde a partir del domingo 9 de enero las y los docentes y el personal educativo activo podr\u00e1n registrarse de acuerdo con su fecha de nacimiento: el 9 de enero quienes nacieron entre enero y abril; el d\u00eda 10, quienes nacieron entre mayo y agosto, y el d\u00eda 11 de enero, los nacidos entre septiembre y diciembre.<br><br>Se reitera la importancia de que el registro se realice en la fecha que le corresponda a cada quien, de acuerdo con su fecha de nacimiento, a fin de evitar que la plataforma dispuesta para ello se sature y todos puedan cumplir con este paso del proceso.<br><br>El Gobernador Mauricio Vila Dosal realiz\u00f3 las gestiones correspondientes en respuesta a las peticiones de quienes conforman el sistema educativo de Yucat\u00e1n, con el fin de preservar la buena salud y el derecho a la educaci\u00f3n de las ni\u00f1as, ni\u00f1os y j\u00f3venes en la entidad.<br><br>En ese sentido, se invita a los maestros y personal educativo activo a estar pendientes de las redes sociales oficiales del Gobernador Vila Dosal, desde donde se estar\u00e1 dando a conocer la informaci\u00f3n acerca proceso de aplicaci\u00f3n de la vacuna de refuerzo para este sector de la poblaci\u00f3n.<\/p>\n","protected":false},"excerpt":{"rendered":"<p>M\u00e9rida, Yucat\u00e1n, 8 de enero de 2022.-Tras las gestiones del Gobernador Mauricio Vila Dosal, el Gobierno Federal inform\u00f3 que el proceso de aplicaci\u00f3n de la vacuna de refuerzo contra el<\/p>\n","protected":false},"author":1,"featured_media":95495,"comment_status":"open","ping_status":"open","sticky":false,"template":"","format":"standard","meta":{"jetpack_post_was_ever_published":false,"_jetpack_newsletter_access":"","_jetpack_dont_email_post_to_subs":false,"_jetpack_newsletter_tier_id":0,"_jetpack_memberships_contains_paywalled_content":false,"_jetpack_memberships_contains_paid_content":false,"footnotes":"","jetpack_publicize_message":"a partir de ma\u00f1ana 9 y hasta el 11 de enero, se llevar\u00e1 a cabo el proceso de registro en la plataforma dispuesta por el Gobierno del Estado de Yucat\u00e1n a trav\u00e9s de la Secretar\u00eda de Educaci\u00f3n estatal.","jetpack_publicize_feature_enabled":true,"jetpack_social_post_already_shared":true,"jetpack_social_options":{"image_generator_settings":{"template":"highway","default_image_id":0,"font":"","enabled":false},"version":2}},"categories":[54],"tags":[],"class_list":["post-95494","post","type-post","status-publish","format-standard","has-post-thumbnail","hentry","category-yucatan"],"jetpack_publicize_connections":[],"jetpack_featured_media_url":"https:\/\/formalprision.com\/wp-content\/uploads\/2022\/01\/IMG-20220108-WA0148.jpg","jetpack_sharing_enabled":true,"jetpack_shortlink":"https:\/\/wp.me\/p6id8p-oQe","_links":{"self":[{"href":"https:\/\/formalprision.com\/index.php?rest_route=\/wp\/v2\/posts\/95494","targetHints":{"allow":["GET"]}}],"collection":[{"href":"https:\/\/formalprision.com\/index.php?rest_route=\/wp\/v2\/posts"}],"about":[{"href":"https:\/\/formalprision.com\/index.php?rest_route=\/wp\/v2\/types\/post"}],"author":[{"embeddable":true,"href":"https:\/\/formalprision.com\/index.php?rest_route=\/wp\/v2\/users\/1"}],"replies":[{"embeddable":true,"href":"https:\/\/formalprision.com\/index.php?rest_route=%2Fwp%2Fv2%2Fcomments&post=95494"}],"version-history":[{"count":0,"href":"https:\/\/formalprision.com\/index.php?rest_route=\/wp\/v2\/posts\/95494\/revisions"}],"wp:featuredmedia":[{"embeddable":true,"href":"https:\/\/formalprision.com\/index.php?rest_route=\/wp\/v2\/media\/95495"}],"wp:attachment":[{"href":"https:\/\/formalprision.com\/index.php?rest_route=%2Fwp%2Fv2%2Fmedia&parent=95494"}],"wp:term":[{"taxonomy":"category","embeddable":true,"href":"https:\/\/formalprision.com\/index.php?rest_route=%2Fwp%2Fv2%2Fcategories&post=95494"},{"taxonomy":"post_tag","embeddable":true,"href":"https:\/\/formalprision.com\/index.php?rest_route=%2Fwp%2Fv2%2Ftags&post=95494"}],"curies":[{"name":"wp","href":"https:\/\/api.w.org\/{rel}","templated":true}]}}