{"id":95497,"date":"2022-01-08T23:54:19","date_gmt":"2022-01-09T04:54:19","guid":{"rendered":"http:\/\/formalprision.com\/?p=95497"},"modified":"2022-01-08T23:54:19","modified_gmt":"2022-01-09T04:54:19","slug":"trabajador-de-intendencia-gana-primer-concurso-de-comunicacion-inclusiva-en-cultur","status":"publish","type":"post","link":"https:\/\/formalprision.com\/?p=95497","title":{"rendered":"Trabajador de intendencia gana Primer Concurso de Comunicaci\u00f3n Inclusiva en Cultur"},"content":{"rendered":"\n<p>En el Primer Concurso de Comunicaci\u00f3n Inclusiva que organiz\u00f3 Cultur, con el apoyo del Instituto para Inclusi\u00f3n de las Personas con Discapacidad (Iipedey), como una estrategia para que el personal pueda dar un trato m\u00e1s digno a quienes tienen disminuci\u00f3n auditiva, qued\u00f3 como ganador del primer lugar Jos\u00e9 Enrique Tec Estrella, trabajador del \u00e1rea de intendencia, quien, es estudiante de la de psicolog\u00eda.<\/p>\n\n\n\n<p>El segundo lugar correspondi\u00f3 a Valeria Danil\u00fa Tolosa Sol\u00eds, quien trabaja en la Direcci\u00f3n Jur\u00eddica, y el tercer sitio para Patricia Guadalupe P\u00e9rez Chi, quien colabora en los Cines Siglo XXI.<\/p>\n\n\n\n<p>Los jueces, proporcionados por el Iipedey, fueron \u00c1ngel de Jes\u00fas Espadas Monsreal, Janeth P\u00f3lito Garc\u00eda e Ilka-Leni Isela Lor\u00eda Narv\u00e1ez, expertos en este tema.<\/p>\n\n\n\n<p>El director general de Cultur, Mauricio D\u00edaz Montalvo, pese a que no pudo asistir al concurso porque se encontraba en la CDMX para atender una cita con el INAH, envi\u00f3 un mensaje remoto, v\u00eda WhatsApp.<\/p>\n\n\n\n<p>\u00abAgradezco al Iipedey y a su directora general, Mar\u00eda Teresa V\u00e1zquez Baqueiro, por todo el apoyo que nos brindaron, as\u00ed como a los integrantes del jurado y a todos los participantes de Cultur por su esfuerzo\u00bb, dijo.<\/p>\n\n\n\n<p>\u00abEs as\u00ed como trabajamos para dar un mejor trato a las personas con discapacidad, cualquiera que sea \u00e9sta\u00bb, recalc\u00f3.<\/p>\n\n\n\n<p>Mar\u00eda Teresa V\u00e1zquez agradeci\u00f3 a Cultur por hacer este tipo de eventos que permiten dar un paso adelante hacia la inclusi\u00f3n de las personas con discapacidad.<\/p>\n\n\n\n<p>\u00abCultur, gracias a su director general, se ha convertido en uno de nuestros cercanos aliados en esta noble tarea\u00bb, agreg\u00f3.<\/p>\n\n\n\n<p>Los criterios que calificaron los jueces fueron: Ubicaci\u00f3n correcta de la mano, saber hacer letras dobles, ejecuci\u00f3n con la mano dominante (sin cambiarla), velocidad, fluidez y orientaci\u00f3n correcta tanto del abecedario dactilol\u00f3gico como de los ideogramas (se\u00f1as que representan palabras enteras).<\/p>\n\n\n\n<p>Durante el evento que inici\u00f3 a las 10 horas y concluy\u00f3 tres horas y media despu\u00e9s, los participantes hicieron al abecedario dactilol\u00f3gico, luego deletrearon palabras que definieron los jueces y fueron escogidas al azar, y finalmente realizaron ideogramas como \u201chola\u201d, \u00abbuenos d\u00edas\u201d, \u201cCuidado\u201d, \u201cFamilia\u201d, por mencionar algunos.<\/p>\n\n\n\n<p>Se espera que cada seis meses se realice un concurso similar, previa capacitaci\u00f3n del Iipedey, avanzando hacia otros niveles de aprendizaje.<\/p>\n","protected":false},"excerpt":{"rendered":"<p>En el Primer Concurso de Comunicaci\u00f3n Inclusiva que organiz\u00f3 Cultur, con el apoyo del Instituto para Inclusi\u00f3n de las Personas con Discapacidad (Iipedey), como una estrategia para que el personal<\/p>\n","protected":false},"author":2,"featured_media":95499,"comment_status":"open","ping_status":"open","sticky":false,"template":"","format":"standard","meta":{"jetpack_post_was_ever_published":false,"_jetpack_newsletter_access":"","_jetpack_dont_email_post_to_subs":false,"_jetpack_newsletter_tier_id":0,"_jetpack_memberships_contains_paywalled_content":false,"_jetpack_memberships_contains_paid_content":false,"footnotes":"","jetpack_publicize_message":"Estos concursos se har\u00e1n cada seis meses, previa capacitaci\u00f3n del Instituto para Inclusi\u00f3n de las Personas con Discapacidad.","jetpack_publicize_feature_enabled":true,"jetpack_social_post_already_shared":true,"jetpack_social_options":{"image_generator_settings":{"template":"highway","default_image_id":0,"font":"","enabled":false},"version":2}},"categories":[14],"tags":[],"class_list":["post-95497","post","type-post","status-publish","format-standard","has-post-thumbnail","hentry","category-merida"],"jetpack_publicize_connections":[],"jetpack_featured_media_url":"https:\/\/formalprision.com\/wp-content\/uploads\/2022\/01\/Participante.jpeg","jetpack_sharing_enabled":true,"jetpack_shortlink":"https:\/\/wp.me\/p6id8p-oQh","_links":{"self":[{"href":"https:\/\/formalprision.com\/index.php?rest_route=\/wp\/v2\/posts\/95497","targetHints":{"allow":["GET"]}}],"collection":[{"href":"https:\/\/formalprision.com\/index.php?rest_route=\/wp\/v2\/posts"}],"about":[{"href":"https:\/\/formalprision.com\/index.php?rest_route=\/wp\/v2\/types\/post"}],"author":[{"embeddable":true,"href":"https:\/\/formalprision.com\/index.php?rest_route=\/wp\/v2\/users\/2"}],"replies":[{"embeddable":true,"href":"https:\/\/formalprision.com\/index.php?rest_route=%2Fwp%2Fv2%2Fcomments&post=95497"}],"version-history":[{"count":0,"href":"https:\/\/formalprision.com\/index.php?rest_route=\/wp\/v2\/posts\/95497\/revisions"}],"wp:featuredmedia":[{"embeddable":true,"href":"https:\/\/formalprision.com\/index.php?rest_route=\/wp\/v2\/media\/95499"}],"wp:attachment":[{"href":"https:\/\/formalprision.com\/index.php?rest_route=%2Fwp%2Fv2%2Fmedia&parent=95497"}],"wp:term":[{"taxonomy":"category","embeddable":true,"href":"https:\/\/formalprision.com\/index.php?rest_route=%2Fwp%2Fv2%2Fcategories&post=95497"},{"taxonomy":"post_tag","embeddable":true,"href":"https:\/\/formalprision.com\/index.php?rest_route=%2Fwp%2Fv2%2Ftags&post=95497"}],"curies":[{"name":"wp","href":"https:\/\/api.w.org\/{rel}","templated":true}]}}