{"id":95500,"date":"2022-01-09T09:03:28","date_gmt":"2022-01-09T14:03:28","guid":{"rendered":"http:\/\/formalprision.com\/?p=95500"},"modified":"2022-01-09T21:11:06","modified_gmt":"2022-01-10T02:11:06","slug":"imparable-avance-de-omicron-y-muchos-yucatecos-en-la-calle","status":"publish","type":"post","link":"https:\/\/formalprision.com\/?p=95500","title":{"rendered":"Imparable avance de \u00d3micron y&#8230; muchos yucatecos en la calle"},"content":{"rendered":"\n<p>En forma de \u00d3micron, la cuarta ola de Covid ya est\u00e1 en Yucat\u00e1n y provoca un aumento de contagios desde fines de diciembre del 2021.<\/p>\n\n\n\n<p>Afortunadamente parecen cumplirse los pron\u00f3sticos de que sus s\u00edntomas son m\u00e1s leves que las anteriores variantes, pues hasta ahora se mantienen bajo control las hospitalizaciones y los fallecimientos por Coronavirus.<\/p>\n\n\n\n<p>El incensante aumento de contagios ya propici\u00f3 afectaciones en eventos masivos de principios de a\u00f1o. Al menos resultaron afectadas tres ferias: la de Tizim\u00edn tuvo que acortarse, pues inicialmente estaba programada para concluir el 16 de enero y ahora terminar\u00e1 ma\u00f1ana lunes 10.<\/p>\n\n\n\n<p>La Sexta Feria Nacional del Tamal, programada para el 5 y 6 de febrero en Tekax, tuvo que cambiar de sede y ahora se efectuar\u00e1 en M\u00e9rida, en Plaza Canek, en las mismas fechas.<\/p>\n\n\n\n<p>La que de plano se cancel\u00f3 fue la fiesta tradicional de Temax, que anualmente se realiza a mediados de enero, y la de Valladolid, que se celebra a principios de febrero en honor a la Virgen de la Candelaria, ni siquiera fue programada.<\/p>\n\n\n\n<p>Desde finales de diciembre, cuando se inform\u00f3 que \u00d3micron ya estaba en Yucat\u00e1n, las autoridades exhortaron a los yucatecos a reforzar las medidas de prevenci\u00f3n, como evitar las fiestas masivas de A\u00f1o Nuevo y celebrar solamente con la familia nuclear, as\u00ed como reducir la movilidad y evitar viajes.<\/p>\n\n\n\n<p>Todo indica que muchos no hicieron caso y hoy los resultados est\u00e1n en los aumentos de casos, largas filas para hacerse pruebas de Covid-19 y aglomeraciones en centros de vacunaci\u00f3n para rezagados.<\/p>\n\n\n\n<p>Lamentablemente la movilidad no se ha reducido y la gente sigue concentr\u00e1ndose en espacios p\u00fablicos. Uno de ellos es el Parque de Deportes Extremos, que anoche estuvo a reventar como lo ha estado en d\u00edas anteriores.<\/p>\n\n\n\n<p>Las autoridades ya cumplieron alertando y tomando medidas prudentes que no afecten la recuperaci\u00f3n econ\u00f3mica, ahora toca a la sociedad hacer la suya para que no vuelva a haber saturaci\u00f3n de hospitales y de nuevo tenga que cerrarse la econom\u00eda.<\/p>\n","protected":false},"excerpt":{"rendered":"<p>En forma de \u00d3micron, la cuarta ola de Covid ya est\u00e1 en Yucat\u00e1n y provoca un aumento de contagios desde fines de diciembre del 2021. Afortunadamente parecen cumplirse los pron\u00f3sticos<\/p>\n","protected":false},"author":2,"featured_media":95502,"comment_status":"open","ping_status":"open","sticky":false,"template":"","format":"standard","meta":{"jetpack_post_was_ever_published":false,"_jetpack_newsletter_access":"","_jetpack_dont_email_post_to_subs":false,"_jetpack_newsletter_tier_id":0,"_jetpack_memberships_contains_paywalled_content":false,"_jetpack_memberships_contains_paid_content":false,"footnotes":"","jetpack_publicize_message":"Fiestas, paseos y parques como el de deportes extremos a reventar. Lamentablemente todos pagaremos por la irresponsabilidad de unos.","jetpack_publicize_feature_enabled":true,"jetpack_social_post_already_shared":true,"jetpack_social_options":{"image_generator_settings":{"template":"highway","default_image_id":0,"font":"","enabled":false},"version":2}},"categories":[54],"tags":[],"class_list":["post-95500","post","type-post","status-publish","format-standard","has-post-thumbnail","hentry","category-yucatan"],"jetpack_publicize_connections":[],"jetpack_featured_media_url":"https:\/\/formalprision.com\/wp-content\/uploads\/2022\/01\/rapi.jpg","jetpack_sharing_enabled":true,"jetpack_shortlink":"https:\/\/wp.me\/p6id8p-oQk","_links":{"self":[{"href":"https:\/\/formalprision.com\/index.php?rest_route=\/wp\/v2\/posts\/95500","targetHints":{"allow":["GET"]}}],"collection":[{"href":"https:\/\/formalprision.com\/index.php?rest_route=\/wp\/v2\/posts"}],"about":[{"href":"https:\/\/formalprision.com\/index.php?rest_route=\/wp\/v2\/types\/post"}],"author":[{"embeddable":true,"href":"https:\/\/formalprision.com\/index.php?rest_route=\/wp\/v2\/users\/2"}],"replies":[{"embeddable":true,"href":"https:\/\/formalprision.com\/index.php?rest_route=%2Fwp%2Fv2%2Fcomments&post=95500"}],"version-history":[{"count":0,"href":"https:\/\/formalprision.com\/index.php?rest_route=\/wp\/v2\/posts\/95500\/revisions"}],"wp:featuredmedia":[{"embeddable":true,"href":"https:\/\/formalprision.com\/index.php?rest_route=\/wp\/v2\/media\/95502"}],"wp:attachment":[{"href":"https:\/\/formalprision.com\/index.php?rest_route=%2Fwp%2Fv2%2Fmedia&parent=95500"}],"wp:term":[{"taxonomy":"category","embeddable":true,"href":"https:\/\/formalprision.com\/index.php?rest_route=%2Fwp%2Fv2%2Fcategories&post=95500"},{"taxonomy":"post_tag","embeddable":true,"href":"https:\/\/formalprision.com\/index.php?rest_route=%2Fwp%2Fv2%2Ftags&post=95500"}],"curies":[{"name":"wp","href":"https:\/\/api.w.org\/{rel}","templated":true}]}}