{"id":95507,"date":"2022-01-09T19:53:44","date_gmt":"2022-01-10T00:53:44","guid":{"rendered":"http:\/\/formalprision.com\/?p=95507"},"modified":"2022-01-10T09:48:32","modified_gmt":"2022-01-10T14:48:32","slug":"domingo-con-289-casos-y-una-fallecida-por-covid-19-en-yucatan","status":"publish","type":"post","link":"https:\/\/formalprision.com\/?p=95507","title":{"rendered":"Domingo con 289 casos y una fallecida por Covid-19 en Yucat\u00e1n"},"content":{"rendered":"\n<p>A partir de ma\u00f1ana 10 y el martes 11 de enero, personal de salud de primera y segunda l\u00ednea de atenci\u00f3n de los hospitales p\u00fablicos del estado recibir\u00e1n la vacuna de refuerzo contra el Coronavirus en sus mismos nosocomios, mientras que al personal que atiende las \u00e1reas Covid de los hospitales privados se les aplicar\u00e1 la tercera dosis el 12 y 13 de enero en el Hospital Militar Regional de Especialidades (HMRE).&nbsp;<\/p>\n\n\n\n<p>Las vacunas de refuerzo que se aplicar\u00e1n al personal de salud de los hospitales p\u00fablicos y privados que atienden \u00e1rea Covid pertenecen a la farmac\u00e9utica AstraZeneca.<\/p>\n\n\n\n<p>Tambi\u00e9n, contin\u00faa la aplicaci\u00f3n de la segunda dosis de la vacuna contra el Coronavirus de la farmac\u00e9utica Pfizer a adolescentes de 15 a 17 a\u00f1os de edad que viven en M\u00e9rida, proceso que se realiz\u00f3 hasta el d\u00eda de hoy. &nbsp;<\/p>\n\n\n\n<p>Los invitamos a vacunarse sin temor para proteger nuestra salud y la de nuestras familias.<\/p>\n\n\n\n<p>Estamos trabajando de manera conjunta el Gobierno del Estado, la Secretar\u00eda de Bienestar y las Fuerzas Armadas.<\/p>\n\n\n\n<figure class=\"wp-block-image size-large\"><a href=\"http:\/\/formalprision.com\/wp-content\/uploads\/2022\/01\/photo5104902767322966629.jpg\"><img loading=\"lazy\" decoding=\"async\" width=\"1024\" height=\"729\" src=\"http:\/\/formalprision.com\/wp-content\/uploads\/2022\/01\/photo5104902767322966629-1024x729.jpg\" alt=\"\" class=\"wp-image-95511\" srcset=\"https:\/\/formalprision.com\/wp-content\/uploads\/2022\/01\/photo5104902767322966629-1024x729.jpg 1024w, https:\/\/formalprision.com\/wp-content\/uploads\/2022\/01\/photo5104902767322966629-300x214.jpg 300w, https:\/\/formalprision.com\/wp-content\/uploads\/2022\/01\/photo5104902767322966629-768x547.jpg 768w, https:\/\/formalprision.com\/wp-content\/uploads\/2022\/01\/photo5104902767322966629.jpg 1280w\" sizes=\"auto, (max-width: 1024px) 100vw, 1024px\" \/><\/a><\/figure>\n\n\n\n<p>Como se ha se\u00f1alado, en la reapertura econ\u00f3mica los datos m\u00e1s importantes son la ocupaci\u00f3n hospitalaria y los ingresos diarios. El d\u00eda de hoy tenemos 69 pacientes en hospitales p\u00fablicos.<\/p>\n\n\n\n<p>71,385 pacientes ya se recuperaron: no presentan s\u00edntomas ni pueden contagiar. Esta cifra representa el 90% del total de contagios registrados, que es 79,930.<\/p>\n\n\n\n<p>Hoy se detectaron 289 nuevos contagios de Coronavirus:<\/p>\n\n\n\n<p>101 en M\u00e9rida,<\/p>\n\n\n\n<p>40 en Kanas\u00edn,<\/p>\n\n\n\n<p>35 en Valladolid,<\/p>\n\n\n\n<p>22 en Progreso,<\/p>\n\n\n\n<p>10 en Motul y Um\u00e1n,<\/p>\n\n\n\n<p>9 en Conkal,<\/p>\n\n\n\n<p>6 en Tekax y Tixkokob,<\/p>\n\n\n\n<p>6 for\u00e1neos,<\/p>\n\n\n\n<p>5 en Maxcan\u00fa y Ticul,<\/p>\n\n\n\n<p>4 en Acanceh y Cuncunul,<\/p>\n\n\n\n<p>3 en San Felipe, Tixp\u00e9ual y Tizim\u00edn,<\/p>\n\n\n\n<p>2 en Cacalch\u00e9n, Cenotillo, Izamal, Mococh\u00e1 y Sucil\u00e1,<\/p>\n\n\n\n<p>1 en Calotmul, Chemax, Hoct\u00fan, Hunucm\u00e1, Muxupip, Sacalum y Tinum<\/p>\n\n\n\n<p>De los 79,930 casos positivos, 651 son de otro pa\u00eds u otro estado.<\/p>\n\n\n\n<figure class=\"wp-block-image size-large\"><a href=\"http:\/\/formalprision.com\/wp-content\/uploads\/2022\/01\/photo5104902767322966630.jpg\"><img loading=\"lazy\" decoding=\"async\" width=\"1024\" height=\"691\" src=\"http:\/\/formalprision.com\/wp-content\/uploads\/2022\/01\/photo5104902767322966630-1024x691.jpg\" alt=\"\" class=\"wp-image-95510\" srcset=\"https:\/\/formalprision.com\/wp-content\/uploads\/2022\/01\/photo5104902767322966630-1024x691.jpg 1024w, https:\/\/formalprision.com\/wp-content\/uploads\/2022\/01\/photo5104902767322966630-300x203.jpg 300w, https:\/\/formalprision.com\/wp-content\/uploads\/2022\/01\/photo5104902767322966630-768x518.jpg 768w, https:\/\/formalprision.com\/wp-content\/uploads\/2022\/01\/photo5104902767322966630.jpg 1280w\" sizes=\"auto, (max-width: 1024px) 100vw, 1024px\" \/><\/a><\/figure>\n\n\n\n<p>Espec\u00edficamente, en M\u00e9rida se han diagnosticado 48,594 personas contagiadas de Coronavirus (casos acumulados al 8 de enero), que viven en:<\/p>\n\n\n\n<p>12,590 en la zona Norte<\/p>\n\n\n\n<p>11,941 en la zona Oriente<\/p>\n\n\n\n<p>4,788 en la zona Centro<\/p>\n\n\n\n<p>7,484 en la zona Sur<\/p>\n\n\n\n<p>11,791 en la zona Poniente<\/p>\n\n\n\n<p>Lamentablemente, en este parte m\u00e9dico informamos de 1 fallecimiento:<\/p>\n\n\n\n<p>1.- Femenino 44 a\u00f1os de Ciudad del Carmen&nbsp;&nbsp;&nbsp;&nbsp;&nbsp;&nbsp;&nbsp; DM\/Inmunosupresi\u00f3n<\/p>\n\n\n\n<p>Siglas: HIPERTENSI\u00d3N ARTERIAL SIST\u00c9MICA (HAS), DIABETES MELLITUS (DM) e INSUFICIENCIA RENAL CR\u00d3NICA (IRC).<\/p>\n\n\n\n<p>En total, son 6,499 las personas fallecidas a causa del Coronavirus.<\/p>\n\n\n\n<p>De los casos activos, 1,977 est\u00e1n estables, aislados, monitoreados por personal m\u00e9dico de la SSY; presentan s\u00edntomas leves.<\/p>\n\n\n\n<p>Como ya se mencion\u00f3, 69 de los casos positivos est\u00e1n en hospitales p\u00fablicos y en aislamiento total. Hay otros pacientes a la espera de diagn\u00f3stico.<\/p>\n\n\n\n<p>El rango de edad de los casos es de 1 mes a 107 a\u00f1os.<\/p>\n\n\n\n<p>LOS INDICADORES SEMANALES DEL SEM\u00c1FORO ESTATAL DE SALUD MARCAN COLOR VERDE.<\/p>\n","protected":false},"excerpt":{"rendered":"<p>A partir de ma\u00f1ana 10 y el martes 11 de enero, personal de salud de primera y segunda l\u00ednea de atenci\u00f3n de los hospitales p\u00fablicos del estado recibir\u00e1n la vacuna<\/p>\n","protected":false},"author":2,"featured_media":95509,"comment_status":"open","ping_status":"open","sticky":false,"template":"","format":"standard","meta":{"jetpack_post_was_ever_published":false,"_jetpack_newsletter_access":"","_jetpack_dont_email_post_to_subs":false,"_jetpack_newsletter_tier_id":0,"_jetpack_memberships_contains_paywalled_content":false,"_jetpack_memberships_contains_paid_content":false,"footnotes":"","jetpack_publicize_message":"Hoy se reportan 69 pacientes en hospitales p\u00fablicos, una fallecida y 289 nuevos contagios de Covid-19 en Yucat\u00e1n.","jetpack_publicize_feature_enabled":true,"jetpack_social_post_already_shared":true,"jetpack_social_options":{"image_generator_settings":{"template":"highway","default_image_id":0,"font":"","enabled":false},"version":2}},"categories":[54],"tags":[],"class_list":["post-95507","post","type-post","status-publish","format-standard","has-post-thumbnail","hentry","category-yucatan"],"jetpack_publicize_connections":[],"jetpack_featured_media_url":"https:\/\/formalprision.com\/wp-content\/uploads\/2022\/01\/vaci1.jpeg","jetpack_sharing_enabled":true,"jetpack_shortlink":"https:\/\/wp.me\/p6id8p-oQr","_links":{"self":[{"href":"https:\/\/formalprision.com\/index.php?rest_route=\/wp\/v2\/posts\/95507","targetHints":{"allow":["GET"]}}],"collection":[{"href":"https:\/\/formalprision.com\/index.php?rest_route=\/wp\/v2\/posts"}],"about":[{"href":"https:\/\/formalprision.com\/index.php?rest_route=\/wp\/v2\/types\/post"}],"author":[{"embeddable":true,"href":"https:\/\/formalprision.com\/index.php?rest_route=\/wp\/v2\/users\/2"}],"replies":[{"embeddable":true,"href":"https:\/\/formalprision.com\/index.php?rest_route=%2Fwp%2Fv2%2Fcomments&post=95507"}],"version-history":[{"count":0,"href":"https:\/\/formalprision.com\/index.php?rest_route=\/wp\/v2\/posts\/95507\/revisions"}],"wp:featuredmedia":[{"embeddable":true,"href":"https:\/\/formalprision.com\/index.php?rest_route=\/wp\/v2\/media\/95509"}],"wp:attachment":[{"href":"https:\/\/formalprision.com\/index.php?rest_route=%2Fwp%2Fv2%2Fmedia&parent=95507"}],"wp:term":[{"taxonomy":"category","embeddable":true,"href":"https:\/\/formalprision.com\/index.php?rest_route=%2Fwp%2Fv2%2Fcategories&post=95507"},{"taxonomy":"post_tag","embeddable":true,"href":"https:\/\/formalprision.com\/index.php?rest_route=%2Fwp%2Fv2%2Ftags&post=95507"}],"curies":[{"name":"wp","href":"https:\/\/api.w.org\/{rel}","templated":true}]}}