{"id":95520,"date":"2022-01-10T01:15:50","date_gmt":"2022-01-10T06:15:50","guid":{"rendered":"http:\/\/formalprision.com\/?p=95520"},"modified":"2022-01-10T14:35:26","modified_gmt":"2022-01-10T19:35:26","slug":"vila-vaquero-y-renan-viajero","status":"publish","type":"post","link":"https:\/\/formalprision.com\/?p=95520","title":{"rendered":"Vila vaquero y Ren\u00e1n, viajero"},"content":{"rendered":"\n<p>Tizim\u00edn y su agonizante Feria de Reyes 2022 fueron pasarela pol\u00edtica esta semana, rumbo al lejano pero tambi\u00e9n cercano 2024.<\/p>\n\n\n\n<p>Hoy el gobernador Mauricio Vila Dosal estuvo en la ciudad de los Reyes, incluso comparti\u00f3 en redes sociales dos fotos donde se le ve montado en un hermoso c\u00f3rcel blanco.<\/p>\n\n\n\n<p>\u00abSal\u00ed temprano a echarme una corridita, pero me encontr\u00e9 con este amigo y no me aguant\u00e9 las ganas de dar una vuelta. #Tizim\u00edn\u00bb, escribi\u00f3 el mandatario.<\/p>\n\n\n\n<p>Todo indica que Mauricio Vila pernoct\u00f3 en la ciudad ganadera, zona que en las elecciones m\u00e1s recientes (junio de 2021) se convirti\u00f3 en importante basti\u00f3n panista tras arrebat\u00e1rselo de las manos al PRI.<\/p>\n\n\n\n<p>Otro pol\u00edtico azul que estuvo en Tizim\u00edn es el alcalde meridano Ren\u00e1n Barrera Concha, quien el viernes estuvo como invitado en un torneo de charrer\u00eda en el rancho El Rosarito, propiedad de la ex diputada priista Mirthea Arjona Mart\u00edn, a quien ahora se le ve muy cercana al panismo.<\/p>\n\n\n\n<p>Trascendi\u00f3 que en su visita Barrera Concha se reuni\u00f3 con liderazgos del oriente de Yucat\u00e1n, donde los ganaderos son pieza importante no solo econ\u00f3mica sino tambi\u00e9n pol\u00edtica.<\/p>\n","protected":false},"excerpt":{"rendered":"<p>Tizim\u00edn y su agonizante Feria de Reyes 2022 fueron pasarela pol\u00edtica esta semana, rumbo al lejano pero tambi\u00e9n cercano 2024. Hoy el gobernador Mauricio Vila Dosal estuvo en la ciudad<\/p>\n","protected":false},"author":1,"featured_media":95521,"comment_status":"open","ping_status":"open","sticky":false,"template":"","format":"standard","meta":{"jetpack_post_was_ever_published":false,"_jetpack_newsletter_access":"","_jetpack_dont_email_post_to_subs":false,"_jetpack_newsletter_tier_id":0,"_jetpack_memberships_contains_paywalled_content":false,"_jetpack_memberships_contains_paid_content":false,"footnotes":"","jetpack_publicize_message":"Los dos estuvieron en Tizim\u00edn. El gobernador comparti\u00f3 en redes sociales dos fotos donde se le ve montado en un  c\u00f3rcel blanco. El alcalde de M\u00e9rida fue a un torneo de charreria ","jetpack_publicize_feature_enabled":true,"jetpack_social_post_already_shared":true,"jetpack_social_options":{"image_generator_settings":{"template":"highway","default_image_id":0,"font":"","enabled":false},"version":2}},"categories":[54],"tags":[],"class_list":["post-95520","post","type-post","status-publish","format-standard","has-post-thumbnail","hentry","category-yucatan"],"jetpack_publicize_connections":[],"jetpack_featured_media_url":"https:\/\/formalprision.com\/wp-content\/uploads\/2022\/01\/FB_IMG_1641794975808.jpg","jetpack_sharing_enabled":true,"jetpack_shortlink":"https:\/\/wp.me\/p6id8p-oQE","_links":{"self":[{"href":"https:\/\/formalprision.com\/index.php?rest_route=\/wp\/v2\/posts\/95520","targetHints":{"allow":["GET"]}}],"collection":[{"href":"https:\/\/formalprision.com\/index.php?rest_route=\/wp\/v2\/posts"}],"about":[{"href":"https:\/\/formalprision.com\/index.php?rest_route=\/wp\/v2\/types\/post"}],"author":[{"embeddable":true,"href":"https:\/\/formalprision.com\/index.php?rest_route=\/wp\/v2\/users\/1"}],"replies":[{"embeddable":true,"href":"https:\/\/formalprision.com\/index.php?rest_route=%2Fwp%2Fv2%2Fcomments&post=95520"}],"version-history":[{"count":0,"href":"https:\/\/formalprision.com\/index.php?rest_route=\/wp\/v2\/posts\/95520\/revisions"}],"wp:featuredmedia":[{"embeddable":true,"href":"https:\/\/formalprision.com\/index.php?rest_route=\/wp\/v2\/media\/95521"}],"wp:attachment":[{"href":"https:\/\/formalprision.com\/index.php?rest_route=%2Fwp%2Fv2%2Fmedia&parent=95520"}],"wp:term":[{"taxonomy":"category","embeddable":true,"href":"https:\/\/formalprision.com\/index.php?rest_route=%2Fwp%2Fv2%2Fcategories&post=95520"},{"taxonomy":"post_tag","embeddable":true,"href":"https:\/\/formalprision.com\/index.php?rest_route=%2Fwp%2Fv2%2Ftags&post=95520"}],"curies":[{"name":"wp","href":"https:\/\/api.w.org\/{rel}","templated":true}]}}