{"id":95528,"date":"2022-01-10T09:34:26","date_gmt":"2022-01-10T14:34:26","guid":{"rendered":"http:\/\/formalprision.com\/?p=95528"},"modified":"2022-01-10T19:58:07","modified_gmt":"2022-01-11T00:58:07","slug":"caen-dos-sujetos-que-dispararon-contra-una-casa-y-mataron-un-perro-en-progreso","status":"publish","type":"post","link":"https:\/\/formalprision.com\/?p=95528","title":{"rendered":"Caen pistoleros que balearon una casa y mataron un perro, en Progreso"},"content":{"rendered":"\n<p>La Secretar\u00eda de Seguridad P\u00fablica inform\u00f3 que ya est\u00e1n detenidos dos sujetos acusados de disparar en varias ocasiones contra una vivienda en Progreso, la ma\u00f1ana del pasado jueves 6 de enero en Progreso, donde un perro de los due\u00f1os de la casa muri\u00f3 por impactos de bala.<\/p>\n\n\n\n<p>Desde el momento en que tomaron conocimiento del suceso, agentes de la Polic\u00eda Estatal de Investigaci\u00f3n (PEI) de la Secretar\u00eda de Seguridad P\u00fablica (SSP) y de la Fiscal\u00eda General del Estado (FGE), se abocaron a recabar indicios e informaci\u00f3n que permitiera la identificaci\u00f3n y captura de los individuos.<\/p>\n\n\n\n<p>El Ministerio P\u00fablico integr\u00f3 la carpeta de investigaci\u00f3n y obtuvo de un juez de Control la orden de aprehensi\u00f3n contra Luis Antonio R.P., de 23 a\u00f1os, y Ra\u00fal Ad\u00e1n O.L., de 31, ambos originarios de Progreso, a quienes se acusa de los delitos de homicidio calificado en grado de tentativa y maltrato en contra de animales dom\u00e9sticos.<\/p>\n\n\n\n<p>Con la orden del juez, los sujetos fueron detenidos ayer.<\/p>\n","protected":false},"excerpt":{"rendered":"<p>La Secretar\u00eda de Seguridad P\u00fablica inform\u00f3 que ya est\u00e1n detenidos dos sujetos acusados de disparar en varias ocasiones contra una vivienda en Progreso, la ma\u00f1ana del pasado jueves 6 de<\/p>\n","protected":false},"author":2,"featured_media":95530,"comment_status":"open","ping_status":"open","sticky":false,"template":"","format":"standard","meta":{"jetpack_post_was_ever_published":false,"_jetpack_newsletter_access":"","_jetpack_dont_email_post_to_subs":false,"_jetpack_newsletter_tier_id":0,"_jetpack_memberships_contains_paywalled_content":false,"_jetpack_memberships_contains_paid_content":false,"footnotes":"","jetpack_publicize_message":"Los sujetos, ambos originarios de Progreso, est\u00e1n acusados de homicidio calificado en grado de tentativa y maltrato contra animales dom\u00e9sticos.","jetpack_publicize_feature_enabled":true,"jetpack_social_post_already_shared":true,"jetpack_social_options":{"image_generator_settings":{"template":"highway","default_image_id":0,"font":"","enabled":false},"version":2}},"categories":[54],"tags":[],"class_list":["post-95528","post","type-post","status-publish","format-standard","has-post-thumbnail","hentry","category-yucatan"],"jetpack_publicize_connections":[],"jetpack_featured_media_url":"https:\/\/formalprision.com\/wp-content\/uploads\/2022\/01\/pros.jpg","jetpack_sharing_enabled":true,"jetpack_shortlink":"https:\/\/wp.me\/p6id8p-oQM","_links":{"self":[{"href":"https:\/\/formalprision.com\/index.php?rest_route=\/wp\/v2\/posts\/95528","targetHints":{"allow":["GET"]}}],"collection":[{"href":"https:\/\/formalprision.com\/index.php?rest_route=\/wp\/v2\/posts"}],"about":[{"href":"https:\/\/formalprision.com\/index.php?rest_route=\/wp\/v2\/types\/post"}],"author":[{"embeddable":true,"href":"https:\/\/formalprision.com\/index.php?rest_route=\/wp\/v2\/users\/2"}],"replies":[{"embeddable":true,"href":"https:\/\/formalprision.com\/index.php?rest_route=%2Fwp%2Fv2%2Fcomments&post=95528"}],"version-history":[{"count":0,"href":"https:\/\/formalprision.com\/index.php?rest_route=\/wp\/v2\/posts\/95528\/revisions"}],"wp:featuredmedia":[{"embeddable":true,"href":"https:\/\/formalprision.com\/index.php?rest_route=\/wp\/v2\/media\/95530"}],"wp:attachment":[{"href":"https:\/\/formalprision.com\/index.php?rest_route=%2Fwp%2Fv2%2Fmedia&parent=95528"}],"wp:term":[{"taxonomy":"category","embeddable":true,"href":"https:\/\/formalprision.com\/index.php?rest_route=%2Fwp%2Fv2%2Fcategories&post=95528"},{"taxonomy":"post_tag","embeddable":true,"href":"https:\/\/formalprision.com\/index.php?rest_route=%2Fwp%2Fv2%2Ftags&post=95528"}],"curies":[{"name":"wp","href":"https:\/\/api.w.org\/{rel}","templated":true}]}}