{"id":95553,"date":"2022-01-10T20:56:57","date_gmt":"2022-01-11T01:56:57","guid":{"rendered":"http:\/\/formalprision.com\/?p=95553"},"modified":"2022-01-11T10:16:31","modified_gmt":"2022-01-11T15:16:31","slug":"amlo-confirma-que-tiene-otra-vez-covid-19","status":"publish","type":"post","link":"https:\/\/formalprision.com\/?p=95553","title":{"rendered":"AMLO confirma que tiene otra vez COVID-19"},"content":{"rendered":"\n<p>El presidente mexicano Andr\u00e9s Manuel L\u00f3pez Obrador  inform\u00f3 que dio positivo a COVID-19 por segunda vez y que presenta s\u00edntomas leves; su primer contagio fue en enero de 2021.<\/p>\n\n\n\n<p>Adem\u00e1s, L\u00f3pez Obrador se\u00f1al\u00f3 que estar\u00e1 en aislamiento y que trabajar\u00e1 de manera virtual.<\/p>\n\n\n\n<p>En su conferencia matutina del lunes 10, el mandatario hab\u00eda adelantado que se realizar\u00eda la prueba tras haber despertado \u00abronco&#8217;<\/p>\n","protected":false},"excerpt":{"rendered":"<p>El presidente mexicano Andr\u00e9s Manuel L\u00f3pez Obrador inform\u00f3 que dio positivo a COVID-19 por segunda vez y que presenta s\u00edntomas leves; su primer contagio fue en enero de 2021. Adem\u00e1s,<\/p>\n","protected":false},"author":1,"featured_media":95554,"comment_status":"open","ping_status":"open","sticky":false,"template":"","format":"standard","meta":{"jetpack_post_was_ever_published":false,"_jetpack_newsletter_access":"","_jetpack_dont_email_post_to_subs":false,"_jetpack_newsletter_tier_id":0,"_jetpack_memberships_contains_paywalled_content":false,"_jetpack_memberships_contains_paid_content":false,"footnotes":"","jetpack_publicize_message":"Su primer contagio fue en enero de 2021.","jetpack_publicize_feature_enabled":true,"jetpack_social_post_already_shared":true,"jetpack_social_options":{"image_generator_settings":{"template":"highway","default_image_id":0,"font":"","enabled":false},"version":2}},"categories":[23,21],"tags":[],"class_list":["post-95553","post","type-post","status-publish","format-standard","has-post-thumbnail","hentry","category-del-mundo","category-nacionales"],"jetpack_publicize_connections":[],"jetpack_featured_media_url":"https:\/\/formalprision.com\/wp-content\/uploads\/2022\/01\/Screenshot_20220110_195207.jpg","jetpack_sharing_enabled":true,"jetpack_shortlink":"https:\/\/wp.me\/p6id8p-oRb","_links":{"self":[{"href":"https:\/\/formalprision.com\/index.php?rest_route=\/wp\/v2\/posts\/95553","targetHints":{"allow":["GET"]}}],"collection":[{"href":"https:\/\/formalprision.com\/index.php?rest_route=\/wp\/v2\/posts"}],"about":[{"href":"https:\/\/formalprision.com\/index.php?rest_route=\/wp\/v2\/types\/post"}],"author":[{"embeddable":true,"href":"https:\/\/formalprision.com\/index.php?rest_route=\/wp\/v2\/users\/1"}],"replies":[{"embeddable":true,"href":"https:\/\/formalprision.com\/index.php?rest_route=%2Fwp%2Fv2%2Fcomments&post=95553"}],"version-history":[{"count":0,"href":"https:\/\/formalprision.com\/index.php?rest_route=\/wp\/v2\/posts\/95553\/revisions"}],"wp:featuredmedia":[{"embeddable":true,"href":"https:\/\/formalprision.com\/index.php?rest_route=\/wp\/v2\/media\/95554"}],"wp:attachment":[{"href":"https:\/\/formalprision.com\/index.php?rest_route=%2Fwp%2Fv2%2Fmedia&parent=95553"}],"wp:term":[{"taxonomy":"category","embeddable":true,"href":"https:\/\/formalprision.com\/index.php?rest_route=%2Fwp%2Fv2%2Fcategories&post=95553"},{"taxonomy":"post_tag","embeddable":true,"href":"https:\/\/formalprision.com\/index.php?rest_route=%2Fwp%2Fv2%2Ftags&post=95553"}],"curies":[{"name":"wp","href":"https:\/\/api.w.org\/{rel}","templated":true}]}}