{"id":95571,"date":"2022-01-11T01:20:15","date_gmt":"2022-01-11T06:20:15","guid":{"rendered":"http:\/\/formalprision.com\/?p=95571"},"modified":"2022-01-11T01:20:15","modified_gmt":"2022-01-11T06:20:15","slug":"ayuntamiento-de-merida-nombra-a-andres-quintana-roo-como-meridano-ilustre","status":"publish","type":"post","link":"https:\/\/formalprision.com\/?p=95571","title":{"rendered":"Ayuntamiento de M\u00e9rida nombra a Andr\u00e9s Quintana Roo como meridano ilustre"},"content":{"rendered":"\n<p>M\u00e9rida, Yucat\u00e1n a 10 de enero 2022.- Por su contribuci\u00f3n con la pluma para lograr la independencia de M\u00e9xico de la Nueva Espa\u00f1a, entre otros m\u00e9ritos, el alcalde Ren\u00e1n Barrera Concha reconoci\u00f3 al abogado, poeta y pol\u00edtico novohispano Andr\u00e9s Quintana Roo como Meridano Ilustre al develar una placa de piedra conmemorativa en el predio del Centro Hist\u00f3rico donde naci\u00f3.<\/p>\n\n\n\n<p>\u201cEl legado que dej\u00f3 Andr\u00e9s Quintana Roo lo convierte en un meridano ilustre y nosotros le rendimos un sencillo pero merecido homenaje con esta placa en la casa que lo vio nacer y que hoy, gratamente, es un espacio dedicado a la cultura y la gastronom\u00eda en nuestro Centro Hist\u00f3rico, como lo es el Restaurante y Centro Cultural Amaro\u201d, expres\u00f3 el Primer Edil.<\/p>\n\n\n\n<p>Agreg\u00f3 que en M\u00e9rida se reconoce a las y los ciudadanos que d\u00eda a d\u00eda se afanan con \u00edmpetu, dedicaci\u00f3n y cari\u00f1o, y ayudan a construir una mejor ciudad.&nbsp;<\/p>\n\n\n\n<p>Acompa\u00f1aron al Alcalde en el evento, el director de Cultura, Antrop. Irving Berl\u00edn Villafa\u00f1a, el Ing. Federico Sauri, director de Desarrollo Urbano, la regidora presidenta de la Comisi\u00f3n de Cultura y Espect\u00e1culos, Lic. Mariana Gaber Fern\u00e1ndez Montilla, y la propietaria del Foro Cultural Amaro, Lic. Olga Moguel Pereyra.<\/p>\n","protected":false},"excerpt":{"rendered":"<p>M\u00e9rida, Yucat\u00e1n a 10 de enero 2022.- Por su contribuci\u00f3n con la pluma para lograr la independencia de M\u00e9xico de la Nueva Espa\u00f1a, entre otros m\u00e9ritos, el alcalde Ren\u00e1n Barrera<\/p>\n","protected":false},"author":1,"featured_media":95572,"comment_status":"open","ping_status":"open","sticky":false,"template":"","format":"standard","meta":{"jetpack_post_was_ever_published":false,"_jetpack_newsletter_access":"","_jetpack_dont_email_post_to_subs":false,"_jetpack_newsletter_tier_id":0,"_jetpack_memberships_contains_paywalled_content":false,"_jetpack_memberships_contains_paid_content":false,"footnotes":"","jetpack_publicize_message":"En su honor, el alcalde Ren\u00e1n Barrera devela placa conmemorativa en el predio del Centro Hist\u00f3rico donde naci\u00f3 el renombrado abogado y pol\u00edtico novohispano","jetpack_publicize_feature_enabled":true,"jetpack_social_post_already_shared":true,"jetpack_social_options":{"image_generator_settings":{"template":"highway","default_image_id":0,"font":"","enabled":false},"version":2}},"categories":[14],"tags":[],"class_list":["post-95571","post","type-post","status-publish","format-standard","has-post-thumbnail","hentry","category-merida"],"jetpack_publicize_connections":[],"jetpack_featured_media_url":"https:\/\/formalprision.com\/wp-content\/uploads\/2022\/01\/2022-01-10-at-8.44.54-PM.jpeg","jetpack_sharing_enabled":true,"jetpack_shortlink":"https:\/\/wp.me\/p6id8p-oRt","_links":{"self":[{"href":"https:\/\/formalprision.com\/index.php?rest_route=\/wp\/v2\/posts\/95571","targetHints":{"allow":["GET"]}}],"collection":[{"href":"https:\/\/formalprision.com\/index.php?rest_route=\/wp\/v2\/posts"}],"about":[{"href":"https:\/\/formalprision.com\/index.php?rest_route=\/wp\/v2\/types\/post"}],"author":[{"embeddable":true,"href":"https:\/\/formalprision.com\/index.php?rest_route=\/wp\/v2\/users\/1"}],"replies":[{"embeddable":true,"href":"https:\/\/formalprision.com\/index.php?rest_route=%2Fwp%2Fv2%2Fcomments&post=95571"}],"version-history":[{"count":0,"href":"https:\/\/formalprision.com\/index.php?rest_route=\/wp\/v2\/posts\/95571\/revisions"}],"wp:featuredmedia":[{"embeddable":true,"href":"https:\/\/formalprision.com\/index.php?rest_route=\/wp\/v2\/media\/95572"}],"wp:attachment":[{"href":"https:\/\/formalprision.com\/index.php?rest_route=%2Fwp%2Fv2%2Fmedia&parent=95571"}],"wp:term":[{"taxonomy":"category","embeddable":true,"href":"https:\/\/formalprision.com\/index.php?rest_route=%2Fwp%2Fv2%2Fcategories&post=95571"},{"taxonomy":"post_tag","embeddable":true,"href":"https:\/\/formalprision.com\/index.php?rest_route=%2Fwp%2Fv2%2Ftags&post=95571"}],"curies":[{"name":"wp","href":"https:\/\/api.w.org\/{rel}","templated":true}]}}