{"id":95587,"date":"2022-01-11T10:40:40","date_gmt":"2022-01-11T15:40:40","guid":{"rendered":"http:\/\/formalprision.com\/?p=95587"},"modified":"2022-01-11T20:21:21","modified_gmt":"2022-01-12T01:21:21","slug":"el-domingo-16-de-enero-el-informe-de-vila","status":"publish","type":"post","link":"https:\/\/formalprision.com\/?p=95587","title":{"rendered":"El domingo 16 de enero, el informe de Vila"},"content":{"rendered":"\n<p>Por segundo a\u00f1o consecutivo, el informe del gobernador Mauricio Vila Dosal se realizar\u00e1 en l\u00ednea, en esta ocasi\u00f3n el pr\u00f3ximo domingo 16 de enero, desde el Centro de Convenciones Yucat\u00e1n Siglo XXI, a partir de las 11 de la ma\u00f1ana.<\/p>\n\n\n\n<p>El mandatario invit\u00f3 a los yucatecos a seguir su mensaje a trav\u00e9s de las redes sociales.<\/p>\n\n\n\n<p>El segundo informe, en enero de 2021, se realiz\u00f3 en l\u00ednea ante las restricciones por la pandemia de Covid-19. El \u00fanico informe presencial del gobernador Mauricio Vila se realiz\u00f3 en enero de 2020, en el Centro Internacional de Congresos.<\/p>\n\n\n\n<p>Como cada a\u00f1o, se espera que previo al mensaje del jefe del Ejecutivo la secretaria General de Gobierno, Mar\u00eda Fritz Sierra, entregue el documento del informe al Congreso. La glosa se har\u00e1 en el per\u00edodo ordinario de sesiones que comienza el 15 de febrero.<\/p>\n\n\n\n<p>Rumbo al tercer informe, desde hace unos d\u00edas el Gobierno del Estado est\u00e1 difundiendo los logros de la administraci\u00f3n de Mauricio Vila, como la creaci\u00f3n de 36 mil empleos durante el 2021, pese a las adversas condiciones sanitarias, econ\u00f3micas y por ciclones que afectaron a Yucat\u00e1n.<\/p>\n\n\n\n<p>Tambi\u00e9n se logr\u00f3 captar m\u00e1s de 101,000 millones de pesos en m\u00e1s de 200 proyectos de inversi\u00f3n, los cuales permiten crear 266,000 empleos entre directos e indirectos.<\/p>\n","protected":false},"excerpt":{"rendered":"<p>Por segundo a\u00f1o consecutivo, el informe del gobernador Mauricio Vila Dosal se realizar\u00e1 en l\u00ednea, en esta ocasi\u00f3n el pr\u00f3ximo domingo 16 de enero, desde el Centro de Convenciones Yucat\u00e1n<\/p>\n","protected":false},"author":1,"featured_media":95588,"comment_status":"open","ping_status":"open","sticky":false,"template":"","format":"standard","meta":{"jetpack_post_was_ever_published":false,"_jetpack_newsletter_access":"","_jetpack_dont_email_post_to_subs":false,"_jetpack_newsletter_tier_id":0,"_jetpack_memberships_contains_paywalled_content":false,"_jetpack_memberships_contains_paid_content":false,"footnotes":"","jetpack_publicize_message":"Por segundo a\u00f1o consecutivo, el informe del gobernador Mauricio Vila Dosal se realizar\u00e1 en l\u00ednea, en esta ocasi\u00f3n el pr\u00f3ximo domingo 16 de enero, desde el Centro de Convenciones Yucat\u00e1n Siglo XXI, a partir de las 11 de la ma\u00f1ana.","jetpack_publicize_feature_enabled":true,"jetpack_social_post_already_shared":true,"jetpack_social_options":{"image_generator_settings":{"template":"highway","default_image_id":0,"font":"","enabled":false},"version":2}},"categories":[54],"tags":[],"class_list":["post-95587","post","type-post","status-publish","format-standard","has-post-thumbnail","hentry","category-yucatan"],"jetpack_publicize_connections":[],"jetpack_featured_media_url":"https:\/\/formalprision.com\/wp-content\/uploads\/2022\/01\/IMG-20220111-WA0017.jpg","jetpack_sharing_enabled":true,"jetpack_shortlink":"https:\/\/wp.me\/p6id8p-oRJ","_links":{"self":[{"href":"https:\/\/formalprision.com\/index.php?rest_route=\/wp\/v2\/posts\/95587","targetHints":{"allow":["GET"]}}],"collection":[{"href":"https:\/\/formalprision.com\/index.php?rest_route=\/wp\/v2\/posts"}],"about":[{"href":"https:\/\/formalprision.com\/index.php?rest_route=\/wp\/v2\/types\/post"}],"author":[{"embeddable":true,"href":"https:\/\/formalprision.com\/index.php?rest_route=\/wp\/v2\/users\/1"}],"replies":[{"embeddable":true,"href":"https:\/\/formalprision.com\/index.php?rest_route=%2Fwp%2Fv2%2Fcomments&post=95587"}],"version-history":[{"count":0,"href":"https:\/\/formalprision.com\/index.php?rest_route=\/wp\/v2\/posts\/95587\/revisions"}],"wp:featuredmedia":[{"embeddable":true,"href":"https:\/\/formalprision.com\/index.php?rest_route=\/wp\/v2\/media\/95588"}],"wp:attachment":[{"href":"https:\/\/formalprision.com\/index.php?rest_route=%2Fwp%2Fv2%2Fmedia&parent=95587"}],"wp:term":[{"taxonomy":"category","embeddable":true,"href":"https:\/\/formalprision.com\/index.php?rest_route=%2Fwp%2Fv2%2Fcategories&post=95587"},{"taxonomy":"post_tag","embeddable":true,"href":"https:\/\/formalprision.com\/index.php?rest_route=%2Fwp%2Fv2%2Ftags&post=95587"}],"curies":[{"name":"wp","href":"https:\/\/api.w.org\/{rel}","templated":true}]}}