{"id":95593,"date":"2022-01-11T17:24:16","date_gmt":"2022-01-11T22:24:16","guid":{"rendered":"http:\/\/formalprision.com\/?p=95593"},"modified":"2022-01-12T09:20:28","modified_gmt":"2022-01-12T14:20:28","slug":"constructora-de-poderosos-invade-casa-de-un-vecino-en-villas-del-sol","status":"publish","type":"post","link":"https:\/\/formalprision.com\/?p=95593","title":{"rendered":"Constructora de poderosos invade casa de vecino de Villas del Sol"},"content":{"rendered":"\n<p>Santiago Arcila, quien ha denunciado problemas por la construcci\u00f3n de una torre de departamentos junto a su vivienda en Villas del Sol, reporta que la tarde de este martes alba\u00f1iles de la construcci\u00f3n invadieron su propiedad y tuvo que llamar a la polic\u00eda.<\/p>\n\n\n\n<p>Los trabajadores tuvieron el atrevimiento de colocar un andamio sobre la casa del agraviado, quien al percatarse les exigi\u00f3 que se retiren, pero ante su negativa fue necesario llamar a la polic\u00eda.<\/p>\n\n\n\n<p>No es la primera vez que los alba\u00f1iles invaden la propiedad del vecino de Villas del Sol, pues durante la construcci\u00f3n de la torre perteneciente a la poderosa empresa Inmobilia se paran constantemente en el techo sin autorizaci\u00f3n.<\/p>\n\n\n\n<p>Debido a los problemas por la torre de departamentos, varios vecinos han tenido que salirse del anteriormente tranquilo vecindario de clase media alta.<\/p>\n","protected":false},"excerpt":{"rendered":"<p>Santiago Arcila, quien ha denunciado problemas por la construcci\u00f3n de una torre de departamentos junto a su vivienda en Villas del Sol, reporta que la tarde de este martes alba\u00f1iles<\/p>\n","protected":false},"author":2,"featured_media":95595,"comment_status":"open","ping_status":"open","sticky":false,"template":"","format":"standard","meta":{"jetpack_post_was_ever_published":false,"_jetpack_newsletter_access":"","_jetpack_dont_email_post_to_subs":false,"_jetpack_newsletter_tier_id":0,"_jetpack_memberships_contains_paywalled_content":false,"_jetpack_memberships_contains_paid_content":false,"footnotes":"","jetpack_publicize_message":"No es la primera vez que los alba\u00f1iles invaden la casa del vecino, pero esta vez fueron m\u00e1s lejos colocando andamios en el techo.","jetpack_publicize_feature_enabled":true,"jetpack_social_post_already_shared":true,"jetpack_social_options":{"image_generator_settings":{"template":"highway","default_image_id":0,"font":"","enabled":false},"version":2}},"categories":[14],"tags":[],"class_list":["post-95593","post","type-post","status-publish","format-standard","has-post-thumbnail","hentry","category-merida"],"jetpack_publicize_connections":[],"jetpack_featured_media_url":"https:\/\/formalprision.com\/wp-content\/uploads\/2022\/01\/torre4.jpg","jetpack_sharing_enabled":true,"jetpack_shortlink":"https:\/\/wp.me\/p6id8p-oRP","_links":{"self":[{"href":"https:\/\/formalprision.com\/index.php?rest_route=\/wp\/v2\/posts\/95593","targetHints":{"allow":["GET"]}}],"collection":[{"href":"https:\/\/formalprision.com\/index.php?rest_route=\/wp\/v2\/posts"}],"about":[{"href":"https:\/\/formalprision.com\/index.php?rest_route=\/wp\/v2\/types\/post"}],"author":[{"embeddable":true,"href":"https:\/\/formalprision.com\/index.php?rest_route=\/wp\/v2\/users\/2"}],"replies":[{"embeddable":true,"href":"https:\/\/formalprision.com\/index.php?rest_route=%2Fwp%2Fv2%2Fcomments&post=95593"}],"version-history":[{"count":0,"href":"https:\/\/formalprision.com\/index.php?rest_route=\/wp\/v2\/posts\/95593\/revisions"}],"wp:featuredmedia":[{"embeddable":true,"href":"https:\/\/formalprision.com\/index.php?rest_route=\/wp\/v2\/media\/95595"}],"wp:attachment":[{"href":"https:\/\/formalprision.com\/index.php?rest_route=%2Fwp%2Fv2%2Fmedia&parent=95593"}],"wp:term":[{"taxonomy":"category","embeddable":true,"href":"https:\/\/formalprision.com\/index.php?rest_route=%2Fwp%2Fv2%2Fcategories&post=95593"},{"taxonomy":"post_tag","embeddable":true,"href":"https:\/\/formalprision.com\/index.php?rest_route=%2Fwp%2Fv2%2Ftags&post=95593"}],"curies":[{"name":"wp","href":"https:\/\/api.w.org\/{rel}","templated":true}]}}