{"id":9565,"date":"2010-07-09T20:13:00","date_gmt":"2010-07-09T20:13:00","guid":{"rendered":"http:\/\/formalprision.info\/2010\/07\/09\/reganiza-publica-de-angelica-araujo\/"},"modified":"2015-06-03T09:01:45","modified_gmt":"2015-06-03T09:01:45","slug":"reganiza-publica-de-angelica-araujo","status":"publish","type":"post","link":"https:\/\/formalprision.com\/?p=9565","title":{"rendered":"Rega\u00f1iza p\u00fablica de Ang\u00e9lica Araujo a Calero"},"content":{"rendered":"<p><a href=\"http:\/\/1.bp.blogspot.com\/_QwiJz8zwaOw\/TDeGZwckM2I\/AAAAAAAAA_M\/mpcchJMTiJw\/s1600\/22agos_prensa02ch%5B1%5D%5B2%5D.jpg\"><img decoding=\"async\" id=\"BLOGGER_PHOTO_ID_5492006047661175650\" style=\"FLOAT: left; MARGIN: 0px 10px 10px 0px; WIDTH: 207px; CURSOR: hand; HEIGHT: 146px\" alt=\"\" src=\"http:\/\/formalprision.com\/wp-content\/uploads\/2010\/07\/22agos_prensa02ch12.jpg\" border=\"0\" \/><\/a><\/p>\n<div><\/p>\n<div>La alcaldesa meridana Ang\u00e9lica Araujo Lara le dio hoy su primera rega\u00f1iza p\u00fablica a uno de sus subalternos: le llam\u00f3 la atenci\u00f3n al director de la Policia Municipal de M\u00e9rida, Francisco Calero Reyes.<\/div>\n<div>La alcaldesa se mostr\u00f3 sorprendida y molesta por la actitud de Calero Reyes, quien puso en duda el \u00e9xito de la ampliaci\u00f3n del \u00e1rea de vigilancia de la PMM.<\/div>\n<div>\u00abQu\u00e9 es eso de a ver si funciona?&#8230;Claro que va a funcionar&#8230;tiene que funcionar -le indic\u00f3 Araujo Lara con el rostro serio a Calero Reyes al tiempo que le pasaba la mano sobre el hombro.<\/div>\n<div>Con la cabeza agachada, Calero Reyes repiti\u00f3 que \u00abpues a ver si funciona\u00bb, ante la mirada del reportero Jos\u00e9 Palacios, quien platicaba con ambos sobre el tema de la ampliaci\u00f3n del \u00e1rea de vigilancia de la PMM, anunciada hoy mismo.<\/div>\n<div>Calero Reyes aparentemente crey\u00f3 que estaba tratando con su jefe anterior, C\u00e9sar Boj\u00f3rquez Zapata, quien pocas veces cuestionaba a sus colaboradores sobre las cosas que hac\u00edan y dec\u00edan o por las que no hac\u00edan.<\/div>\n<div>El di\u00e1logo tuvo lugar hoy al t\u00e9rmino del banderazo del programa de seguridad por las vacaciones de verano.<\/div>\n<div><\/div>\n<\/div>\n","protected":false},"excerpt":{"rendered":"<p>La alcaldesa meridana Ang\u00e9lica Araujo Lara le dio hoy su primera rega\u00f1iza p\u00fablica a uno de sus subalternos: le llam\u00f3 la atenci\u00f3n al director de la Policia Municipal de M\u00e9rida,<\/p>\n","protected":false},"author":1,"featured_media":28897,"comment_status":"open","ping_status":"open","sticky":false,"template":"","format":"standard","meta":{"jetpack_post_was_ever_published":false,"_jetpack_newsletter_access":"","_jetpack_dont_email_post_to_subs":false,"_jetpack_newsletter_tier_id":0,"_jetpack_memberships_contains_paywalled_content":false,"_jetpack_memberships_contains_paid_content":false,"footnotes":"","jetpack_publicize_message":"","jetpack_publicize_feature_enabled":true,"jetpack_social_post_already_shared":false,"jetpack_social_options":{"image_generator_settings":{"template":"highway","default_image_id":0,"font":"","enabled":false},"version":2}},"categories":[1,49],"tags":[],"class_list":["post-9565","post","type-post","status-publish","format-standard","has-post-thumbnail","hentry","category-sin-categoria","category-tocho-morocho"],"jetpack_publicize_connections":[],"jetpack_featured_media_url":"https:\/\/formalprision.com\/wp-content\/uploads\/2010\/07\/22agos_prensa02ch12.jpg","jetpack_sharing_enabled":true,"jetpack_shortlink":"https:\/\/wp.me\/p6id8p-2uh","_links":{"self":[{"href":"https:\/\/formalprision.com\/index.php?rest_route=\/wp\/v2\/posts\/9565","targetHints":{"allow":["GET"]}}],"collection":[{"href":"https:\/\/formalprision.com\/index.php?rest_route=\/wp\/v2\/posts"}],"about":[{"href":"https:\/\/formalprision.com\/index.php?rest_route=\/wp\/v2\/types\/post"}],"author":[{"embeddable":true,"href":"https:\/\/formalprision.com\/index.php?rest_route=\/wp\/v2\/users\/1"}],"replies":[{"embeddable":true,"href":"https:\/\/formalprision.com\/index.php?rest_route=%2Fwp%2Fv2%2Fcomments&post=9565"}],"version-history":[{"count":0,"href":"https:\/\/formalprision.com\/index.php?rest_route=\/wp\/v2\/posts\/9565\/revisions"}],"wp:featuredmedia":[{"embeddable":true,"href":"https:\/\/formalprision.com\/index.php?rest_route=\/wp\/v2\/media\/28897"}],"wp:attachment":[{"href":"https:\/\/formalprision.com\/index.php?rest_route=%2Fwp%2Fv2%2Fmedia&parent=9565"}],"wp:term":[{"taxonomy":"category","embeddable":true,"href":"https:\/\/formalprision.com\/index.php?rest_route=%2Fwp%2Fv2%2Fcategories&post=9565"},{"taxonomy":"post_tag","embeddable":true,"href":"https:\/\/formalprision.com\/index.php?rest_route=%2Fwp%2Fv2%2Ftags&post=9565"}],"curies":[{"name":"wp","href":"https:\/\/api.w.org\/{rel}","templated":true}]}}