{"id":9568,"date":"2010-07-09T16:06:00","date_gmt":"2010-07-09T16:06:00","guid":{"rendered":"http:\/\/formalprision.info\/2010\/07\/09\/inicia-operativo-vacacional-de-verano\/"},"modified":"2015-06-03T09:01:45","modified_gmt":"2015-06-03T09:01:45","slug":"inicia-operativo-vacacional-de-verano","status":"publish","type":"post","link":"https:\/\/formalprision.com\/?p=9568","title":{"rendered":"Inicia operativo vacacional de verano"},"content":{"rendered":"<p><a href=\"http:\/\/2.bp.blogspot.com\/_QwiJz8zwaOw\/TDbGOh7jbrI\/AAAAAAAAA-8\/5UFmsoGxuvk\/s1600\/operativo1%5B1%5D.JPG\"><img decoding=\"async\" id=\"BLOGGER_PHOTO_ID_5491794748553522866\" style=\"FLOAT: left; MARGIN: 0px 10px 10px 0px; WIDTH: 320px; CURSOR: hand; HEIGHT: 240px\" alt=\"\" src=\"http:\/\/formalprision.com\/wp-content\/uploads\/2010\/07\/operativo11.jpg\" border=\"0\" \/><\/a><\/p>\n<div><\/p>\n<div>Con un vistoso acto, esta ma\u00f1ana se dio el banderazo de salida al contingente polic\u00edaco que tendr\u00e1 a su cargo la vigilancia en las vacaciones de verano.<br \/>Por mar, aire y tierra, la Secretar\u00eda de Seguridad P\u00fablica y la Polic\u00eda Judicial del Estado tratar\u00e1n de mantener a raya a ladrones, rijosos y malechores durante las vacaciones, adem\u00e1s de prestar auxilio oportuno en accidentes e imprevistos.<br \/>El banderazo de salida se dio en las casi listas nuevas instalacioens de la SSP en el Anillo Perif\u00e9rico.<br \/>Carros de Bomberos, cuatrimotos, gr\u00faas, lanchas, equipo de auxilio v\u00edal, ambulancias y equipo ambulatorio para que los polic\u00edas descansen y coman fue enviado a la zona costera, con base en el puerto de Progreso.<br \/>El titular de la SSP, Luis Felipe Said\u00e9n Ojeda, dijo que la seguridad en esta temporada ser\u00e1 completa, con apoyo de las lanchas con las que cuentan los bomberos, incluyendo a un equipo especial de buzos y rescatistas en altamar.<br \/>Unos 400 polic\u00f1ias participar\u00e1n en el plan, pero la cifra se duplicar\u00e1 los fines de semana.<br \/>El plan estar\u00e1 vigente hasta la \u00faltima semana de agosto.<br \/>El contingente lleg\u00f3 media hora despu\u00e9s a Progreso, a donde correspodne esta fotograf\u00eda.<\/div>\n<\/div>\n","protected":false},"excerpt":{"rendered":"<p>Con un vistoso acto, esta ma\u00f1ana se dio el banderazo de salida al contingente polic\u00edaco que tendr\u00e1 a su cargo la vigilancia en las vacaciones de verano.Por mar, aire y<\/p>\n","protected":false},"author":1,"featured_media":28903,"comment_status":"open","ping_status":"open","sticky":false,"template":"","format":"standard","meta":{"jetpack_post_was_ever_published":false,"_jetpack_newsletter_access":"","_jetpack_dont_email_post_to_subs":false,"_jetpack_newsletter_tier_id":0,"_jetpack_memberships_contains_paywalled_content":false,"_jetpack_memberships_contains_paid_content":false,"footnotes":"","jetpack_publicize_message":"","jetpack_publicize_feature_enabled":true,"jetpack_social_post_already_shared":false,"jetpack_social_options":{"image_generator_settings":{"template":"highway","default_image_id":0,"font":"","enabled":false},"version":2}},"categories":[1,49],"tags":[],"class_list":["post-9568","post","type-post","status-publish","format-standard","has-post-thumbnail","hentry","category-sin-categoria","category-tocho-morocho"],"jetpack_publicize_connections":[],"jetpack_featured_media_url":"https:\/\/formalprision.com\/wp-content\/uploads\/2010\/07\/operativo11.jpg","jetpack_sharing_enabled":true,"jetpack_shortlink":"https:\/\/wp.me\/p6id8p-2uk","_links":{"self":[{"href":"https:\/\/formalprision.com\/index.php?rest_route=\/wp\/v2\/posts\/9568","targetHints":{"allow":["GET"]}}],"collection":[{"href":"https:\/\/formalprision.com\/index.php?rest_route=\/wp\/v2\/posts"}],"about":[{"href":"https:\/\/formalprision.com\/index.php?rest_route=\/wp\/v2\/types\/post"}],"author":[{"embeddable":true,"href":"https:\/\/formalprision.com\/index.php?rest_route=\/wp\/v2\/users\/1"}],"replies":[{"embeddable":true,"href":"https:\/\/formalprision.com\/index.php?rest_route=%2Fwp%2Fv2%2Fcomments&post=9568"}],"version-history":[{"count":0,"href":"https:\/\/formalprision.com\/index.php?rest_route=\/wp\/v2\/posts\/9568\/revisions"}],"wp:featuredmedia":[{"embeddable":true,"href":"https:\/\/formalprision.com\/index.php?rest_route=\/wp\/v2\/media\/28903"}],"wp:attachment":[{"href":"https:\/\/formalprision.com\/index.php?rest_route=%2Fwp%2Fv2%2Fmedia&parent=9568"}],"wp:term":[{"taxonomy":"category","embeddable":true,"href":"https:\/\/formalprision.com\/index.php?rest_route=%2Fwp%2Fv2%2Fcategories&post=9568"},{"taxonomy":"post_tag","embeddable":true,"href":"https:\/\/formalprision.com\/index.php?rest_route=%2Fwp%2Fv2%2Ftags&post=9568"}],"curies":[{"name":"wp","href":"https:\/\/api.w.org\/{rel}","templated":true}]}}