{"id":9573,"date":"2010-07-08T15:43:00","date_gmt":"2010-07-08T15:43:00","guid":{"rendered":"http:\/\/formalprision.info\/2010\/07\/08\/dos-modulos-para-cambiar-las-placas\/"},"modified":"2015-06-03T09:01:46","modified_gmt":"2015-06-03T09:01:46","slug":"dos-modulos-para-cambiar-las-placas","status":"publish","type":"post","link":"https:\/\/formalprision.com\/?p=9573","title":{"rendered":"Dos m\u00f3dulos para cambiar las placas"},"content":{"rendered":"<p><a href=\"http:\/\/3.bp.blogspot.com\/_QwiJz8zwaOw\/TDVYILeTjAI\/AAAAAAAAA98\/raMsNYz-uUA\/s1600\/placas%5B1%5D%5B1%5D.jpg\"><img decoding=\"async\" id=\"BLOGGER_PHOTO_ID_5491392218190285826\" style=\"FLOAT: left; MARGIN: 0px 10px 10px 0px; WIDTH: 291px; CURSOR: hand; HEIGHT: 320px\" alt=\"\" src=\"http:\/\/formalprision.com\/wp-content\/uploads\/2010\/07\/placas11.jpg\" border=\"0\" \/><\/a><\/p>\n<div>La Secretar\u00eda de Seguridad P\u00fablica dispone de dos m\u00f3dulos para que los propietarios de veh\u00edculos tramiten sus nuevas placas.<\/div>\n<p><\/p>\n<div>El m\u00f3dulo central, ubicado a un costado de la ex penitenciar\u00eda Ju\u00e1rez, est\u00e1 abierto de lunes a viernes de 8 a 14 horas y los s\u00e1bados de 8 a 13 horas.<\/div>\n<p><\/p>\n<div>El m\u00f3dulo norte, ubicado a la salida de la carretera M\u00e9rida-Progreso en el estacionamiento del Centro de Convenciones Siglo XXI, da servicio de lunes a viernes de 8 a 19 horas y los s\u00e1bados de 8 a 17 horas.<\/div>\n<p><\/p>\n<div>En cualquiera de los dos m\u00f3dulos se realiza el tr\u00e1mite para obtener las nuevas placas, con vigencia de 2009 a 2011.<\/div>\n<p><\/p>\n<div>El cambio de propietario se realiza \u00fanicamente en el m\u00f3dulo central.<\/div>\n<p><\/p>\n<div>Como ya se inform\u00f3, los veh\u00edculos que a\u00fan portan placas vencidas tienen hasta el s\u00e1bado 17 de este mes para obtener las nuevas, pues a partir de esa fecha ya no se permitir\u00e1 <\/div>\n","protected":false},"excerpt":{"rendered":"<p>La Secretar\u00eda de Seguridad P\u00fablica dispone de dos m\u00f3dulos para que los propietarios de veh\u00edculos tramiten sus nuevas placas. El m\u00f3dulo central, ubicado a un costado de la ex penitenciar\u00eda<\/p>\n","protected":false},"author":1,"featured_media":28911,"comment_status":"open","ping_status":"open","sticky":false,"template":"","format":"standard","meta":{"jetpack_post_was_ever_published":false,"_jetpack_newsletter_access":"","_jetpack_dont_email_post_to_subs":false,"_jetpack_newsletter_tier_id":0,"_jetpack_memberships_contains_paywalled_content":false,"_jetpack_memberships_contains_paid_content":false,"footnotes":"","jetpack_publicize_message":"","jetpack_publicize_feature_enabled":true,"jetpack_social_post_already_shared":false,"jetpack_social_options":{"image_generator_settings":{"template":"highway","default_image_id":0,"font":"","enabled":false},"version":2}},"categories":[1,49],"tags":[],"class_list":["post-9573","post","type-post","status-publish","format-standard","has-post-thumbnail","hentry","category-sin-categoria","category-tocho-morocho"],"jetpack_publicize_connections":[],"jetpack_featured_media_url":"https:\/\/formalprision.com\/wp-content\/uploads\/2010\/07\/placas11.jpg","jetpack_sharing_enabled":true,"jetpack_shortlink":"https:\/\/wp.me\/p6id8p-2up","_links":{"self":[{"href":"https:\/\/formalprision.com\/index.php?rest_route=\/wp\/v2\/posts\/9573","targetHints":{"allow":["GET"]}}],"collection":[{"href":"https:\/\/formalprision.com\/index.php?rest_route=\/wp\/v2\/posts"}],"about":[{"href":"https:\/\/formalprision.com\/index.php?rest_route=\/wp\/v2\/types\/post"}],"author":[{"embeddable":true,"href":"https:\/\/formalprision.com\/index.php?rest_route=\/wp\/v2\/users\/1"}],"replies":[{"embeddable":true,"href":"https:\/\/formalprision.com\/index.php?rest_route=%2Fwp%2Fv2%2Fcomments&post=9573"}],"version-history":[{"count":0,"href":"https:\/\/formalprision.com\/index.php?rest_route=\/wp\/v2\/posts\/9573\/revisions"}],"wp:featuredmedia":[{"embeddable":true,"href":"https:\/\/formalprision.com\/index.php?rest_route=\/wp\/v2\/media\/28911"}],"wp:attachment":[{"href":"https:\/\/formalprision.com\/index.php?rest_route=%2Fwp%2Fv2%2Fmedia&parent=9573"}],"wp:term":[{"taxonomy":"category","embeddable":true,"href":"https:\/\/formalprision.com\/index.php?rest_route=%2Fwp%2Fv2%2Fcategories&post=9573"},{"taxonomy":"post_tag","embeddable":true,"href":"https:\/\/formalprision.com\/index.php?rest_route=%2Fwp%2Fv2%2Ftags&post=9573"}],"curies":[{"name":"wp","href":"https:\/\/api.w.org\/{rel}","templated":true}]}}