{"id":9578,"date":"2010-07-07T20:41:00","date_gmt":"2010-07-07T20:41:00","guid":{"rendered":"http:\/\/formalprision.info\/2010\/07\/07\/ladron-de-ropas-detenido\/"},"modified":"2015-06-03T09:01:46","modified_gmt":"2015-06-03T09:01:46","slug":"ladron-de-ropas-detenido","status":"publish","type":"post","link":"https:\/\/formalprision.com\/?p=9578","title":{"rendered":"Ladr\u00f3n de ropas detenido"},"content":{"rendered":"<p><a href=\"http:\/\/2.bp.blogspot.com\/_QwiJz8zwaOw\/TDTm3bey43I\/AAAAAAAAA9c\/JarB2_-q6d4\/s1600\/aaaaaaaaaa_SANTOS.F.JPG\"><img decoding=\"async\" id=\"BLOGGER_PHOTO_ID_5491267685615592306\" style=\"FLOAT: left; MARGIN: 0px 10px 10px 0px; WIDTH: 320px; CURSOR: hand; HEIGHT: 283px\" alt=\"\" src=\"http:\/\/formalprision.com\/wp-content\/uploads\/2010\/07\/aaaaaaaaaa_SANTOS.F.jpg\" border=\"0\" \/><\/a><\/p>\n<div>Aunque lleva nombre divino, elementos de la Polic\u00eda Municipal de M\u00e9rida detuvieron ayer a las 17:30 horas a Santos Maldonado Guti\u00e9rrez, acusado fe robar ropa en un comercio del centro.<\/div>\n<p><\/p>\n<div>Al estar realizando su labor de vigilancia, los agentes de la PMM en la calle 69 entre 64 y 66 se les acerc\u00f3 Enoc Fosado Escudero, quien se identific\u00f3 como propietario de un comercio ubicado sobre la citada arteria.<\/div>\n<p><\/p>\n<div>Del mismo modo dicha persona se\u00f1al\u00f3 a Maldonado Guti\u00e9rrez, quien se encontraba a unos metros del lugar, informando que momentos antes dicho sujeto entr\u00f3 al establecimiento, sustrayendo del mismo tres overoles para ni\u00f1a, retir\u00e1ndose del lugar sin pagar la mercanc\u00eda. Ante tales hechos se procedi\u00f3 a la detenci\u00f3n de Maldonado Guti\u00e9rrez, quien dio positivo a estado de ebriedad e intoxicaci\u00f3n con pastillas psicotr\u00f3picas, para su traslado a la C\u00e1rcel Municipal y posterior remisi\u00f3n al Ministerio P\u00fablico para los fines legales pertinentes.<\/p>\n<p><\/div>\n","protected":false},"excerpt":{"rendered":"<p>Aunque lleva nombre divino, elementos de la Polic\u00eda Municipal de M\u00e9rida detuvieron ayer a las 17:30 horas a Santos Maldonado Guti\u00e9rrez, acusado fe robar ropa en un comercio del centro.<\/p>\n","protected":false},"author":1,"featured_media":28921,"comment_status":"open","ping_status":"open","sticky":false,"template":"","format":"standard","meta":{"jetpack_post_was_ever_published":false,"_jetpack_newsletter_access":"","_jetpack_dont_email_post_to_subs":false,"_jetpack_newsletter_tier_id":0,"_jetpack_memberships_contains_paywalled_content":false,"_jetpack_memberships_contains_paid_content":false,"footnotes":"","jetpack_publicize_message":"","jetpack_publicize_feature_enabled":true,"jetpack_social_post_already_shared":false,"jetpack_social_options":{"image_generator_settings":{"template":"highway","default_image_id":0,"font":"","enabled":false},"version":2}},"categories":[57,1],"tags":[],"class_list":["post-9578","post","type-post","status-publish","format-standard","has-post-thumbnail","hentry","category-ratas","category-sin-categoria"],"jetpack_publicize_connections":[],"jetpack_featured_media_url":"https:\/\/formalprision.com\/wp-content\/uploads\/2010\/07\/aaaaaaaaaa_SANTOS.F.jpg","jetpack_sharing_enabled":true,"jetpack_shortlink":"https:\/\/wp.me\/p6id8p-2uu","_links":{"self":[{"href":"https:\/\/formalprision.com\/index.php?rest_route=\/wp\/v2\/posts\/9578","targetHints":{"allow":["GET"]}}],"collection":[{"href":"https:\/\/formalprision.com\/index.php?rest_route=\/wp\/v2\/posts"}],"about":[{"href":"https:\/\/formalprision.com\/index.php?rest_route=\/wp\/v2\/types\/post"}],"author":[{"embeddable":true,"href":"https:\/\/formalprision.com\/index.php?rest_route=\/wp\/v2\/users\/1"}],"replies":[{"embeddable":true,"href":"https:\/\/formalprision.com\/index.php?rest_route=%2Fwp%2Fv2%2Fcomments&post=9578"}],"version-history":[{"count":0,"href":"https:\/\/formalprision.com\/index.php?rest_route=\/wp\/v2\/posts\/9578\/revisions"}],"wp:featuredmedia":[{"embeddable":true,"href":"https:\/\/formalprision.com\/index.php?rest_route=\/wp\/v2\/media\/28921"}],"wp:attachment":[{"href":"https:\/\/formalprision.com\/index.php?rest_route=%2Fwp%2Fv2%2Fmedia&parent=9578"}],"wp:term":[{"taxonomy":"category","embeddable":true,"href":"https:\/\/formalprision.com\/index.php?rest_route=%2Fwp%2Fv2%2Fcategories&post=9578"},{"taxonomy":"post_tag","embeddable":true,"href":"https:\/\/formalprision.com\/index.php?rest_route=%2Fwp%2Fv2%2Ftags&post=9578"}],"curies":[{"name":"wp","href":"https:\/\/api.w.org\/{rel}","templated":true}]}}