{"id":9579,"date":"2010-07-07T02:29:00","date_gmt":"2010-07-07T02:29:00","guid":{"rendered":"http:\/\/formalprision.info\/2010\/07\/07\/detendran-vehiculos-con-placas-vencidas\/"},"modified":"2015-06-03T09:01:46","modified_gmt":"2015-06-03T09:01:46","slug":"detendran-vehiculos-con-placas-vencidas","status":"publish","type":"post","link":"https:\/\/formalprision.com\/?p=9579","title":{"rendered":"Detendr\u00e1n veh\u00edculos con placas vencidas"},"content":{"rendered":"<p><a href=\"http:\/\/1.bp.blogspot.com\/_QwiJz8zwaOw\/TDPno6-kDiI\/AAAAAAAAA9U\/UuesvPrYPJs\/s1600\/placas%5B1%5D.jpg\"><img decoding=\"async\" id=\"BLOGGER_PHOTO_ID_5490987060907216418\" style=\"FLOAT: left; MARGIN: 0px 10px 10px 0px; WIDTH: 291px; CURSOR: hand; HEIGHT: 320px\" alt=\"\" src=\"http:\/\/formalprision.com\/wp-content\/uploads\/2010\/07\/placas1.jpg\" border=\"0\" \/><\/a><\/p>\n<div>La Secretar\u00edas de Hacienda y de Seguridad P\u00fablica del Gobierno del Estado hacen un atento llamado a los propietarios de veh\u00edculos que a\u00fan portan placas vencidas, para que regularicen su situaci\u00f3n antes del d\u00eda 17 del presente mes, pues a partir de esa fecha no se permitir\u00e1 su circulaci\u00f3n.<\/div>\n<p><\/p>\n<div>Ante la situaci\u00f3n econ\u00f3mica prevaleciente en el pa\u00eds, el Ejecutivo yucateco concedi\u00f3 una ampliaci\u00f3n con el objetivo de que los ciudadanos dispusieran de mayor tiempo para realizar el tr\u00e1mite.<br \/>A la fecha, el 95 por ciento de los automotores registrados en Yucat\u00e1n ya circulan con las nuevas placas, que est\u00e1n vigentes desde el a\u00f1o 2009 hasta el 2011.<br \/>El Ejecutivo reitera su reconocimiento y agradecimiento a los automovilistas que oportunamente efectuaron el canje y a quienes lo hicieron durante el periodo de ampliaci\u00f3n, y exhorta a los que no han cumplido a ponerse al d\u00eda para que puedan continuar circulando. <\/div>\n","protected":false},"excerpt":{"rendered":"<p>La Secretar\u00edas de Hacienda y de Seguridad P\u00fablica del Gobierno del Estado hacen un atento llamado a los propietarios de veh\u00edculos que a\u00fan portan placas vencidas, para que regularicen su<\/p>\n","protected":false},"author":1,"featured_media":28923,"comment_status":"open","ping_status":"open","sticky":false,"template":"","format":"standard","meta":{"jetpack_post_was_ever_published":false,"_jetpack_newsletter_access":"","_jetpack_dont_email_post_to_subs":false,"_jetpack_newsletter_tier_id":0,"_jetpack_memberships_contains_paywalled_content":false,"_jetpack_memberships_contains_paid_content":false,"footnotes":"","jetpack_publicize_message":"","jetpack_publicize_feature_enabled":true,"jetpack_social_post_already_shared":false,"jetpack_social_options":{"image_generator_settings":{"template":"highway","default_image_id":0,"font":"","enabled":false},"version":2}},"categories":[1],"tags":[],"class_list":["post-9579","post","type-post","status-publish","format-standard","has-post-thumbnail","hentry","category-sin-categoria"],"jetpack_publicize_connections":[],"jetpack_featured_media_url":"https:\/\/formalprision.com\/wp-content\/uploads\/2010\/07\/placas1.jpg","jetpack_sharing_enabled":true,"jetpack_shortlink":"https:\/\/wp.me\/p6id8p-2uv","_links":{"self":[{"href":"https:\/\/formalprision.com\/index.php?rest_route=\/wp\/v2\/posts\/9579","targetHints":{"allow":["GET"]}}],"collection":[{"href":"https:\/\/formalprision.com\/index.php?rest_route=\/wp\/v2\/posts"}],"about":[{"href":"https:\/\/formalprision.com\/index.php?rest_route=\/wp\/v2\/types\/post"}],"author":[{"embeddable":true,"href":"https:\/\/formalprision.com\/index.php?rest_route=\/wp\/v2\/users\/1"}],"replies":[{"embeddable":true,"href":"https:\/\/formalprision.com\/index.php?rest_route=%2Fwp%2Fv2%2Fcomments&post=9579"}],"version-history":[{"count":0,"href":"https:\/\/formalprision.com\/index.php?rest_route=\/wp\/v2\/posts\/9579\/revisions"}],"wp:featuredmedia":[{"embeddable":true,"href":"https:\/\/formalprision.com\/index.php?rest_route=\/wp\/v2\/media\/28923"}],"wp:attachment":[{"href":"https:\/\/formalprision.com\/index.php?rest_route=%2Fwp%2Fv2%2Fmedia&parent=9579"}],"wp:term":[{"taxonomy":"category","embeddable":true,"href":"https:\/\/formalprision.com\/index.php?rest_route=%2Fwp%2Fv2%2Fcategories&post=9579"},{"taxonomy":"post_tag","embeddable":true,"href":"https:\/\/formalprision.com\/index.php?rest_route=%2Fwp%2Fv2%2Ftags&post=9579"}],"curies":[{"name":"wp","href":"https:\/\/api.w.org\/{rel}","templated":true}]}}