{"id":9582,"date":"2010-07-06T18:15:00","date_gmt":"2010-07-06T18:15:00","guid":{"rendered":"http:\/\/formalprision.info\/2010\/07\/06\/calero-reyes-pasea-su-nueva-jefa\/"},"modified":"2015-06-03T09:01:47","modified_gmt":"2015-06-03T09:01:47","slug":"calero-reyes-pasea-su-nueva-jefa","status":"publish","type":"post","link":"https:\/\/formalprision.com\/?p=9582","title":{"rendered":"Calero Reyes pasea a su nueva jefa"},"content":{"rendered":"<p><a href=\"http:\/\/3.bp.blogspot.com\/_QwiJz8zwaOw\/TDNtPOihT9I\/AAAAAAAAA9E\/NzDHFtQORaQ\/s1600\/22agos_prensa02ch%5B1%5D.jpg\"><img decoding=\"async\" id=\"BLOGGER_PHOTO_ID_5490852479063117778\" style=\"FLOAT: left; MARGIN: 0px 10px 10px 0px; WIDTH: 207px; CURSOR: hand; HEIGHT: 146px\" alt=\"\" src=\"http:\/\/formalprision.com\/wp-content\/uploads\/2010\/07\/22agos_prensa02ch1.jpg\" border=\"0\" \/><\/a><\/p>\n<p>Olvid\u00e1ndose de sus dos antiguos patrones y siguiendo las \u00f3rdenes de su gu\u00eda espiritual Luis Said\u00e9n, el director de la Polic\u00eda Municipal de M\u00e9rida, Francisco Calero Reyes, pase\u00f3 este d\u00eda a la alcaldesa Ang\u00e9lica Araujo Lara por las instalaciones de esa corporaci\u00f3n.<\/p>\n<p>Ni siquiera por ser una visita especial, el veterano veterinario pudo tomar previsiones para evitar el caos vial en la zona, pues permiti\u00f3 que numerosos veh\u00edculos se estacionaran en la puerta del edificio, sobre la calle 57, lo que ocasion\u00f3 tremendos problemas de tr\u00e1nsito, algo a lo que ya tiene acostumbrado Calero Reyes a los meridanos que acuden al centro, donde los sem\u00e1foros desincronizados y polic\u00edas retra\u00eddos son el PAN de cada d\u00eda.<br \/>Cuentan quienes estuvieron en la visita de la alcaldesa al sitio que Calero Reyes se desvivi\u00f3 m\u00e1s que las veces que lo visit\u00f3 C\u00e9sar Boj\u00f3rquez Zapata cuando \u00e9ste era su jefe.<br \/>La arquitecta Araujo Lara salud\u00f3 a los polic\u00edas y los exhort\u00f3 a seguir rindiendo.<br \/>Por cierto, la formaci\u00f3n que utiliz\u00f3 Calero Reyes para el saludo de la alcaldesa a los polic\u00edas fue la misma que us\u00f3 cuando llev\u00f3 a Beatriz Zavala cuando \u00e9sta era candidata del PAN a la alcald\u00eda.<\/p>\n","protected":false},"excerpt":{"rendered":"<p>Olvid\u00e1ndose de sus dos antiguos patrones y siguiendo las \u00f3rdenes de su gu\u00eda espiritual Luis Said\u00e9n, el director de la Polic\u00eda Municipal de M\u00e9rida, Francisco Calero Reyes, pase\u00f3 este d\u00eda<\/p>\n","protected":false},"author":1,"featured_media":28929,"comment_status":"open","ping_status":"open","sticky":false,"template":"","format":"standard","meta":{"jetpack_post_was_ever_published":false,"_jetpack_newsletter_access":"","_jetpack_dont_email_post_to_subs":false,"_jetpack_newsletter_tier_id":0,"_jetpack_memberships_contains_paywalled_content":false,"_jetpack_memberships_contains_paid_content":false,"footnotes":"","jetpack_publicize_message":"","jetpack_publicize_feature_enabled":true,"jetpack_social_post_already_shared":false,"jetpack_social_options":{"image_generator_settings":{"template":"highway","default_image_id":0,"font":"","enabled":false},"version":2}},"categories":[1,49],"tags":[],"class_list":["post-9582","post","type-post","status-publish","format-standard","has-post-thumbnail","hentry","category-sin-categoria","category-tocho-morocho"],"jetpack_publicize_connections":[],"jetpack_featured_media_url":"https:\/\/formalprision.com\/wp-content\/uploads\/2010\/07\/22agos_prensa02ch1.jpg","jetpack_sharing_enabled":true,"jetpack_shortlink":"https:\/\/wp.me\/p6id8p-2uy","_links":{"self":[{"href":"https:\/\/formalprision.com\/index.php?rest_route=\/wp\/v2\/posts\/9582","targetHints":{"allow":["GET"]}}],"collection":[{"href":"https:\/\/formalprision.com\/index.php?rest_route=\/wp\/v2\/posts"}],"about":[{"href":"https:\/\/formalprision.com\/index.php?rest_route=\/wp\/v2\/types\/post"}],"author":[{"embeddable":true,"href":"https:\/\/formalprision.com\/index.php?rest_route=\/wp\/v2\/users\/1"}],"replies":[{"embeddable":true,"href":"https:\/\/formalprision.com\/index.php?rest_route=%2Fwp%2Fv2%2Fcomments&post=9582"}],"version-history":[{"count":0,"href":"https:\/\/formalprision.com\/index.php?rest_route=\/wp\/v2\/posts\/9582\/revisions"}],"wp:featuredmedia":[{"embeddable":true,"href":"https:\/\/formalprision.com\/index.php?rest_route=\/wp\/v2\/media\/28929"}],"wp:attachment":[{"href":"https:\/\/formalprision.com\/index.php?rest_route=%2Fwp%2Fv2%2Fmedia&parent=9582"}],"wp:term":[{"taxonomy":"category","embeddable":true,"href":"https:\/\/formalprision.com\/index.php?rest_route=%2Fwp%2Fv2%2Fcategories&post=9582"},{"taxonomy":"post_tag","embeddable":true,"href":"https:\/\/formalprision.com\/index.php?rest_route=%2Fwp%2Fv2%2Ftags&post=9582"}],"curies":[{"name":"wp","href":"https:\/\/api.w.org\/{rel}","templated":true}]}}