{"id":9586,"date":"2010-07-05T22:01:00","date_gmt":"2010-07-05T22:01:00","guid":{"rendered":"http:\/\/formalprision.info\/2010\/07\/05\/policia-colombiana-capacita-polis-yucas\/"},"modified":"2015-06-03T09:01:47","modified_gmt":"2015-06-03T09:01:47","slug":"policia-colombiana-capacita-polis-yucas","status":"publish","type":"post","link":"https:\/\/formalprision.com\/?p=9586","title":{"rendered":"Polic\u00eda colombiana capacita a polis yucas"},"content":{"rendered":"<p><a href=\"http:\/\/2.bp.blogspot.com\/_QwiJz8zwaOw\/TDJXkogbTxI\/AAAAAAAAA8c\/hHhdhvmT2NY\/s1600\/acolombia.JPG\"><img decoding=\"async\" id=\"BLOGGER_PHOTO_ID_5490547182578388754\" style=\"FLOAT: left; MARGIN: 0px 10px 10px 0px; WIDTH: 320px; CURSOR: hand; HEIGHT: 214px\" alt=\"\" src=\"http:\/\/formalprision.com\/wp-content\/uploads\/2010\/07\/acolombia.jpg\" border=\"0\" \/><\/a><\/p>\n<div>Buscando que sus elementos est\u00e9n mejor preparados para no cometer errores que incidan en injusticias, la Procuradur\u00eda Gneral de Justicia del Estado inici\u00f3 dos cursos impartidos por <\/div>\n<div>especialistas de la polic\u00eda nacional de Colombia.<\/div>\n<p><\/p>\n<div>El Lic. H\u00e9ctor Cabrera Rivero, Procurador General de Justicia, inaugur\u00f3 hoy dos cursos de capacitaci\u00f3n que ser\u00e1n impartidos durante un mes por agentes de la polic\u00eda colombiana.<br \/>Lo anterior, seg\u00fan un bolet\u00edn de la PGJE, se da dentro del marco de colaboraci\u00f3n internacional, entre la PGJ yucateca y la Agregadur\u00eda de la Embajada de Colombia en nuestro pa\u00eds, y como parte de las acciones que, en materia de capacitaci\u00f3n y actualizaci\u00f3n de los servidores p\u00fablicos, se realizan en el Estado.<br \/>Uno de los cursos que hoy dieron inicio fue el de \u201cT\u00e9cnicas de Entrevista\u201d, dirigido a polic\u00edas judiciales, peritos y especialmente a personal del ministerio p\u00fablico, a fin de dotarlos de habilidades para aplicar distintas metodolog\u00edas para la realizaci\u00f3n de entrevistas y contribuir, mediante la recolecci\u00f3n de datos concretos, la debida integraci\u00f3n de informaci\u00f3n en los procesos de investigaci\u00f3n.<br \/>Por otra parte, se inici\u00f3 el curso denominado \u201cEntrenamiento en Operaciones T\u00e1cticas: Comando<br \/>Jungla\u201d, en el que participar\u00e1n elementos de los grupos de fuerzas especiales encargados de la seguridad en nuestro Estado.<br \/>Sabemos que a nivel nacional, Yucat\u00e1n, es reconocido como el estado m\u00e1s seguro del pa\u00eds, sin embargo, ante la alarmante estad\u00edstica de otros Estados, donde d\u00eda con d\u00eda, se puede observar la gran cantidad de vidas que se pierden y los da\u00f1os ocasionados por el fen\u00f3meno que representa la delincuencia; no podemos mantenernos ajenos y, por el contrario, debemos continuar prepar\u00e1ndonos para prevenir los riesgos y mantener la confianza social que siempre nos ha caracterizado.<br \/>La delincuencia ha da\u00f1ado la inversi\u00f3n en el pa\u00eds, ha generado el cierre de empresas y, en consecuencia, la p\u00e9rdida de empleos; pero, principalmente, ha generado la p\u00e9rdida de la confianza de los ciudadanos hacia las autoridades y sus instituciones.<br \/>Es por esto, que el principal beneficio de los eventos como los que hoy se inauguran, es la formaci\u00f3n de conocimientos que den lugar al desarrollo de habilidades, para que cada servidor p\u00fablico pueda poner en pr\u00e1ctica en su que hacer cotidiano y coadyuvar as\u00ed, a recuperar la confianza de los ciudadanos.<br \/>Sin duda, en la medida en que nuestros servidores p\u00fablicos sean capaces de aplicar m\u00e1s conocimientos y mejores t\u00e9cnicas durante el ejercicio de sus funciones, se podr\u00e1 contar con sistemas de seguridad p\u00fablica y de impartici\u00f3n de justicia m\u00e1s s\u00f3lida y confiable.<br \/>Asimismo, el Procurador agradeci\u00f3 las facilidades otorgadas por el Coronel Irwing Alexanders S\u00e1nchez Gonz\u00e1lez, agregado de polic\u00eda ante la embajada de Colombia en M\u00e9xico, por su valiosa colaboraci\u00f3n para la realizaci\u00f3n de estos cursos, mismos que forman parte de un grupo de eventos de capacitaci\u00f3n que se estar\u00e1n realizando en nuestro Estado.<br \/>Del mismo modo tambi\u00e9n hizo un reconocimiento a la participaci\u00f3n de la Intendente Luz Nancy Pineda Basallo y a los Subintendentes, Julio Andr\u00e9s Rojas Ram\u00edrez y H\u00e9ctor Fabi\u00e1n Zuluaga Morales, especialistas de la polic\u00eda nacional colombiana que estar\u00e1n a cargo de la instrucci\u00f3n del curso de \u201cT\u00e9cnicas de Entrevista\u201d, al igual que a los instructores del curso \u201cEntrenamiento en Operaciones T\u00e1cticas: Comando Jungla\u201d: Intendente Edson Calder\u00f3n Espinosa, Patrullero Robins\u00f3n Castro Mondrag\u00f3n, Patrullero William Hern\u00e1n P\u00e9rez Lozano y al Patrullero Fernando Ortiz S\u00e1nchez.<br \/>En el \u00e1mbito de la seguridad y la procuraci\u00f3n de justicia de instituciones a nivel internacional, es de destacar el trabajo que realiza la polic\u00eda nacional colombiana, como una instituci\u00f3n de seguridad de las m\u00e1s reconocidas a nivel mundial; no solamente por su nivel de preparaci\u00f3n y especializaci\u00f3n, sino por el profesionalismo de sus diferentes \u00e1reas de operaci\u00f3n.<\/p>\n<p>Sin duda la experiencia de Colombia ante el combate a la delincuencia y sus m\u00faltiples formas de afectaci\u00f3n, son el ejemplo m\u00e1s claro del compromiso social que se tiene para mantener la paz y la libertad en aquel pa\u00eds.<\/p>\n<p>Ante el crecimiento de los \u00edndices delincuenciales derivados de las actividades, que tantas p\u00e9rdidas humanas, materiales y econ\u00f3micas han generado, es necesario el desarrollo de sistemas de inteligencia y equipos de trabajo especializados en el manejo de t\u00e1cticas policiales avanzadas, as\u00ed como t\u00e9cnicas para la obtenci\u00f3n y an\u00e1lisis de informaci\u00f3n que contribuya a la ampliaci\u00f3n de las investigaciones y por lo tanto, el combate frontal a la delincuencia con estricto apego a la \u00e9tica y el respeto a los derechos individuales.<\/p>\n<p>Con base en lo anterior, en el gobierno del estado de Yucat\u00e1n y, espec\u00edficamente, la Procuradur\u00eda General de Justicia, estamos convencidos que la cooperaci\u00f3n internacional, es una de las mejores alternativas para fomentar la profesionalizaci\u00f3n de nuestro personal.<\/p>\n<p>Acompa\u00f1aron al Procurador en el presidium, el Coronel Irwing Alexanders S\u00e1nchez Gonz\u00e1lez, Agregado de polic\u00eda ante la embajada de Colombia en M\u00e9xico, el Gral. Bernardo V\u00e1zquez Ram\u00edrez, Subsecretario de Seguridad p\u00fablica, en representaci\u00f3n del comandante Luis Felipe Said\u00e9n Ojeda, Secretario de Seguridad P\u00fablica, el Lic. Carlos Mart\u00edn Pacheco Medina, Secretario Ejecutivo del Consejo Estatal de Seguridad P\u00fablica, el Lic. Javier Alberto Le\u00f3n Escalante, Director de Averiguaciones Previas, el Cmdte. Carlos Enrique Cant\u00f3n y Maga\u00f1a, Director de la Polic\u00eda Judicial y Carlos Fernando Ruiz Card\u00edn, Director de Identificaci\u00f3n y Servicios Periciales. JE, <\/p><\/div>\n","protected":false},"excerpt":{"rendered":"<p>Buscando que sus elementos est\u00e9n mejor preparados para no cometer errores que incidan en injusticias, la Procuradur\u00eda Gneral de Justicia del Estado inici\u00f3 dos cursos impartidos por especialistas de la<\/p>\n","protected":false},"author":1,"featured_media":28937,"comment_status":"open","ping_status":"open","sticky":false,"template":"","format":"standard","meta":{"jetpack_post_was_ever_published":false,"_jetpack_newsletter_access":"","_jetpack_dont_email_post_to_subs":false,"_jetpack_newsletter_tier_id":0,"_jetpack_memberships_contains_paywalled_content":false,"_jetpack_memberships_contains_paid_content":false,"footnotes":"","jetpack_publicize_message":"","jetpack_publicize_feature_enabled":true,"jetpack_social_post_already_shared":false,"jetpack_social_options":{"image_generator_settings":{"template":"highway","default_image_id":0,"font":"","enabled":false},"version":2}},"categories":[1,49],"tags":[],"class_list":["post-9586","post","type-post","status-publish","format-standard","has-post-thumbnail","hentry","category-sin-categoria","category-tocho-morocho"],"jetpack_publicize_connections":[],"jetpack_featured_media_url":"https:\/\/formalprision.com\/wp-content\/uploads\/2010\/07\/acolombia.jpg","jetpack_sharing_enabled":true,"jetpack_shortlink":"https:\/\/wp.me\/p6id8p-2uC","_links":{"self":[{"href":"https:\/\/formalprision.com\/index.php?rest_route=\/wp\/v2\/posts\/9586","targetHints":{"allow":["GET"]}}],"collection":[{"href":"https:\/\/formalprision.com\/index.php?rest_route=\/wp\/v2\/posts"}],"about":[{"href":"https:\/\/formalprision.com\/index.php?rest_route=\/wp\/v2\/types\/post"}],"author":[{"embeddable":true,"href":"https:\/\/formalprision.com\/index.php?rest_route=\/wp\/v2\/users\/1"}],"replies":[{"embeddable":true,"href":"https:\/\/formalprision.com\/index.php?rest_route=%2Fwp%2Fv2%2Fcomments&post=9586"}],"version-history":[{"count":0,"href":"https:\/\/formalprision.com\/index.php?rest_route=\/wp\/v2\/posts\/9586\/revisions"}],"wp:featuredmedia":[{"embeddable":true,"href":"https:\/\/formalprision.com\/index.php?rest_route=\/wp\/v2\/media\/28937"}],"wp:attachment":[{"href":"https:\/\/formalprision.com\/index.php?rest_route=%2Fwp%2Fv2%2Fmedia&parent=9586"}],"wp:term":[{"taxonomy":"category","embeddable":true,"href":"https:\/\/formalprision.com\/index.php?rest_route=%2Fwp%2Fv2%2Fcategories&post=9586"},{"taxonomy":"post_tag","embeddable":true,"href":"https:\/\/formalprision.com\/index.php?rest_route=%2Fwp%2Fv2%2Ftags&post=9586"}],"curies":[{"name":"wp","href":"https:\/\/api.w.org\/{rel}","templated":true}]}}