{"id":9588,"date":"2010-07-05T18:03:00","date_gmt":"2010-07-05T18:03:00","guid":{"rendered":"http:\/\/formalprision.info\/2010\/07\/05\/le-cae-patadas-al-carro-de-su-patron\/"},"modified":"2015-06-03T09:01:48","modified_gmt":"2015-06-03T09:01:48","slug":"le-cae-patadas-al-carro-de-su-patron","status":"publish","type":"post","link":"https:\/\/formalprision.com\/?p=9588","title":{"rendered":"Le cae a patadas al carro de su patr\u00f3n"},"content":{"rendered":"<p><a href=\"http:\/\/2.bp.blogspot.com\/_QwiJz8zwaOw\/TDFaDS_RPjI\/AAAAAAAAA8E\/xc8aFOZMPec\/s1600\/ajackson.JPG\"><img decoding=\"async\" id=\"BLOGGER_PHOTO_ID_5490268433424662066\" style=\"FLOAT: left; MARGIN: 0px 10px 10px 0px; WIDTH: 320px; CURSOR: hand; HEIGHT: 214px\" alt=\"\" src=\"http:\/\/formalprision.com\/wp-content\/uploads\/2010\/07\/ajackson.jpg\" border=\"0\" \/><\/a><\/p>\n<div>Elementos de la Polic\u00eda Judicial detivoerpm a HECTOR GELACIO QUIJANO RU\u00cdZ (a) \u201cJackson\u201d, de 32 a\u00f1os de edad, denunciado por el delito de da\u00f1o en propiedad ajena por Daniel Iv\u00e1n Garc\u00eda Torres, quien se queja de que el ahora detenido le da\u00f1\u00f3 su camioneta a patadas.<br \/>Conforme a los hechos denunciados, eran cerca de las ocho de la ma\u00f1ana del pasado 21 de febrero del presente a\u00f1o, cuando el ahora denunciante, propietario de una empresa que posee volquetes de carga en la Avenida Zamn\u00e1 n\u00famero 232 por Avenida Jacinto Canek, se percat\u00f3 al llegar al sitio donde estos veh\u00edculos se quedan estacionados, que varios de ellos presentaban diversos da\u00f1os materiales, con los panor\u00e1micos astillados.<br \/>En el lugar, encontr\u00f3 tambi\u00e9n a un sujeto ebrio, quien result\u00f3 ser empleado y dijo desconocer que hab\u00eda pasado, pero vecinos del lugar refirieron haber presenciado cuando H\u00e9ctor Gelacio Quijano, acompa\u00f1ado del sujeto ebrio que deambulaba por ah\u00ed, hab\u00edan roto los panor\u00e1micos de los camiones usando un block de concreto.<br \/>Al efectuar la inspecci\u00f3n ocular en el sitio, los agentes del Ministerio P\u00fablico corroboraron el da\u00f1o en los panor\u00e1micos de tres camiones de carga de la marca DINA, tipo chasis con placas YN-21407, YN-36776 y YP-12283.<\/div>\n<p><\/p>\n<div>Cabe se\u00f1alar que H\u00e9ctor Gelacio era empleado del ahora denunciante hasta ese momento, aunque se desconoce porqu\u00e9 causa decidi\u00f3 cometer tal actividad vand\u00e1lica, d\u00e1ndose a la fuga, aunque fue identificado por los vecinos y dej\u00f3 en el sitio a su c\u00f3mplice que ya esta siendo procesado en este momento por los mismos delitos<\/div>\n","protected":false},"excerpt":{"rendered":"<p>Elementos de la Polic\u00eda Judicial detivoerpm a HECTOR GELACIO QUIJANO RU\u00cdZ (a) \u201cJackson\u201d, de 32 a\u00f1os de edad, denunciado por el delito de da\u00f1o en propiedad ajena por Daniel Iv\u00e1n<\/p>\n","protected":false},"author":1,"featured_media":28941,"comment_status":"open","ping_status":"open","sticky":false,"template":"","format":"standard","meta":{"jetpack_post_was_ever_published":false,"_jetpack_newsletter_access":"","_jetpack_dont_email_post_to_subs":false,"_jetpack_newsletter_tier_id":0,"_jetpack_memberships_contains_paywalled_content":false,"_jetpack_memberships_contains_paid_content":false,"footnotes":"","jetpack_publicize_message":"","jetpack_publicize_feature_enabled":true,"jetpack_social_post_already_shared":false,"jetpack_social_options":{"image_generator_settings":{"template":"highway","default_image_id":0,"font":"","enabled":false},"version":2}},"categories":[1,53],"tags":[],"class_list":["post-9588","post","type-post","status-publish","format-standard","has-post-thumbnail","hentry","category-sin-categoria","category-yo-no-fui"],"jetpack_publicize_connections":[],"jetpack_featured_media_url":"https:\/\/formalprision.com\/wp-content\/uploads\/2010\/07\/ajackson.jpg","jetpack_sharing_enabled":true,"jetpack_shortlink":"https:\/\/wp.me\/p6id8p-2uE","_links":{"self":[{"href":"https:\/\/formalprision.com\/index.php?rest_route=\/wp\/v2\/posts\/9588","targetHints":{"allow":["GET"]}}],"collection":[{"href":"https:\/\/formalprision.com\/index.php?rest_route=\/wp\/v2\/posts"}],"about":[{"href":"https:\/\/formalprision.com\/index.php?rest_route=\/wp\/v2\/types\/post"}],"author":[{"embeddable":true,"href":"https:\/\/formalprision.com\/index.php?rest_route=\/wp\/v2\/users\/1"}],"replies":[{"embeddable":true,"href":"https:\/\/formalprision.com\/index.php?rest_route=%2Fwp%2Fv2%2Fcomments&post=9588"}],"version-history":[{"count":0,"href":"https:\/\/formalprision.com\/index.php?rest_route=\/wp\/v2\/posts\/9588\/revisions"}],"wp:featuredmedia":[{"embeddable":true,"href":"https:\/\/formalprision.com\/index.php?rest_route=\/wp\/v2\/media\/28941"}],"wp:attachment":[{"href":"https:\/\/formalprision.com\/index.php?rest_route=%2Fwp%2Fv2%2Fmedia&parent=9588"}],"wp:term":[{"taxonomy":"category","embeddable":true,"href":"https:\/\/formalprision.com\/index.php?rest_route=%2Fwp%2Fv2%2Fcategories&post=9588"},{"taxonomy":"post_tag","embeddable":true,"href":"https:\/\/formalprision.com\/index.php?rest_route=%2Fwp%2Fv2%2Ftags&post=9588"}],"curies":[{"name":"wp","href":"https:\/\/api.w.org\/{rel}","templated":true}]}}