{"id":9639,"date":"2010-06-24T20:04:00","date_gmt":"2010-06-24T20:04:00","guid":{"rendered":"http:\/\/formalprision.info\/2010\/06\/24\/emos-meridanos-detenidos-en-motu\/"},"modified":"2015-06-03T09:01:56","modified_gmt":"2015-06-03T09:01:56","slug":"emos-meridanos-detenidos-en-motu","status":"publish","type":"post","link":"https:\/\/formalprision.com\/?p=9639","title":{"rendered":"Emos meridanos detenidos en Motul"},"content":{"rendered":"<p><a href=\"http:\/\/3.bp.blogspot.com\/_QwiJz8zwaOw\/TCOTTHCZ-OI\/AAAAAAAAA3U\/JABpbYEGx6g\/s1600\/emo-pictures%5B1%5D.jpg\"><img decoding=\"async\" id=\"BLOGGER_PHOTO_ID_5486390727583332578\" style=\"FLOAT: left; MARGIN: 0px 10px 10px 0px; WIDTH: 320px; CURSOR: hand; HEIGHT: 250px\" alt=\"\" src=\"http:\/\/formalprision.com\/wp-content\/uploads\/2010\/06\/emo-pictures1.jpg\" border=\"0\" \/><\/a><\/p>\n<div>Cuatro j\u00f3venes Emos de M\u00e9rida fueron fetenidos en Motul porque andaban con una jovencita de 15 a\u00f1os de edad que no ten\u00f3a permiso de sus padres para estar all\u00e1.<\/div>\n<p><\/p>\n<div>La jovencita, M.P.G. fue recibida a bofetadas por su abuela Pilar Sosa Sabido, de 76 a\u00f1os de edad, cuando fue a buscarla con la policia municipal de Motul, pues llevaba cuiatro d\u00f3as en ese lugar.<\/div>\n<p><\/p>\n<div>Los detenidos son Dante Orlando Rubio Ojeda, de 18; V\u00edctor Daniel Ak\u00e9 Pech, 17; Freddy Lujano Hoil, de 17, y Daniel Cervera Medina, <\/div>\n<p><\/p>\n<div>Fueron puestos a cargo del Ministerio P\u00fablico de M\u00e9rida, para que declaren sobre los hechos.<\/div>\n<p><\/p>\n<div>La abuela de la muchachita dijo que su nieta desde el s\u00e1bado sali\u00f3 de su casa en M\u00e9rida para ir a Motul a una fiesta con sus amigos, pero pasaron cuatro d\u00edas y no sab\u00eda nada de ella, por lo que fue en su b\u00fasqueda,<\/div>\n<p><\/p>\n<div>La Polic\u00eda Municipal localiz\u00f3 a los Emos en la calle 26 entre 21 y23, todos vestidos extravagantemente.<\/div>\n<p><\/p>\n<div>La chiquilla andaba con su novio, uno de los j\u00f3venes que fueron detenidos,<\/div>\n","protected":false},"excerpt":{"rendered":"<p>Cuatro j\u00f3venes Emos de M\u00e9rida fueron fetenidos en Motul porque andaban con una jovencita de 15 a\u00f1os de edad que no ten\u00f3a permiso de sus padres para estar all\u00e1. La<\/p>\n","protected":false},"author":1,"featured_media":29029,"comment_status":"open","ping_status":"open","sticky":false,"template":"","format":"standard","meta":{"jetpack_post_was_ever_published":false,"_jetpack_newsletter_access":"","_jetpack_dont_email_post_to_subs":false,"_jetpack_newsletter_tier_id":0,"_jetpack_memberships_contains_paywalled_content":false,"_jetpack_memberships_contains_paid_content":false,"footnotes":"","jetpack_publicize_message":"","jetpack_publicize_feature_enabled":true,"jetpack_social_post_already_shared":false,"jetpack_social_options":{"image_generator_settings":{"template":"highway","default_image_id":0,"font":"","enabled":false},"version":2}},"categories":[1,53],"tags":[],"class_list":["post-9639","post","type-post","status-publish","format-standard","has-post-thumbnail","hentry","category-sin-categoria","category-yo-no-fui"],"jetpack_publicize_connections":[],"jetpack_featured_media_url":"https:\/\/formalprision.com\/wp-content\/uploads\/2010\/06\/emo-pictures1.jpg","jetpack_sharing_enabled":true,"jetpack_shortlink":"https:\/\/wp.me\/p6id8p-2vt","_links":{"self":[{"href":"https:\/\/formalprision.com\/index.php?rest_route=\/wp\/v2\/posts\/9639","targetHints":{"allow":["GET"]}}],"collection":[{"href":"https:\/\/formalprision.com\/index.php?rest_route=\/wp\/v2\/posts"}],"about":[{"href":"https:\/\/formalprision.com\/index.php?rest_route=\/wp\/v2\/types\/post"}],"author":[{"embeddable":true,"href":"https:\/\/formalprision.com\/index.php?rest_route=\/wp\/v2\/users\/1"}],"replies":[{"embeddable":true,"href":"https:\/\/formalprision.com\/index.php?rest_route=%2Fwp%2Fv2%2Fcomments&post=9639"}],"version-history":[{"count":0,"href":"https:\/\/formalprision.com\/index.php?rest_route=\/wp\/v2\/posts\/9639\/revisions"}],"wp:featuredmedia":[{"embeddable":true,"href":"https:\/\/formalprision.com\/index.php?rest_route=\/wp\/v2\/media\/29029"}],"wp:attachment":[{"href":"https:\/\/formalprision.com\/index.php?rest_route=%2Fwp%2Fv2%2Fmedia&parent=9639"}],"wp:term":[{"taxonomy":"category","embeddable":true,"href":"https:\/\/formalprision.com\/index.php?rest_route=%2Fwp%2Fv2%2Fcategories&post=9639"},{"taxonomy":"post_tag","embeddable":true,"href":"https:\/\/formalprision.com\/index.php?rest_route=%2Fwp%2Fv2%2Ftags&post=9639"}],"curies":[{"name":"wp","href":"https:\/\/api.w.org\/{rel}","templated":true}]}}