{"id":9642,"date":"2010-06-23T20:04:00","date_gmt":"2010-06-23T20:04:00","guid":{"rendered":"http:\/\/formalprision.info\/2010\/06\/23\/rommel-uribe-al-banquillo-de-acusados\/"},"modified":"2015-06-03T09:01:57","modified_gmt":"2015-06-03T09:01:57","slug":"rommel-uribe-al-banquillo-de-acusados","status":"publish","type":"post","link":"https:\/\/formalprision.com\/?p=9642","title":{"rendered":"Rommel Uribe al banquillo de acusados"},"content":{"rendered":"<p><a href=\"http:\/\/2.bp.blogspot.com\/_QwiJz8zwaOw\/TCJvEnY_xII\/AAAAAAAAA3E\/FJ83PgVT1OU\/s1600\/Imagen005.jpg\"><img decoding=\"async\" id=\"BLOGGER_PHOTO_ID_5486069421174670466\" style=\"float: left; margin: 0px 10px 10px 0px; width: 240px; height: 320px;\" alt=\"\" src=\"http:\/\/formalprision.com\/wp-content\/uploads\/2010\/06\/Imagen005.jpg\" border=\"0\" \/><\/a>El oficial mayor del Ayuntamiento de M\u00e9rida. Rommel Uribe Capetillo, compareci\u00f3 hoy ante el Ministerio P\u00fablico por la denuncia que interpuso Juan Ongay Romero, por el delito de tr\u00e1fico de influencias en la concesi\u00f3n de la Planta de Tratamiento de Basura.<\/p>\n<div>\n<div>El que es considerado el poder tras el trono en el Ayuntamiento meridano libr\u00f3 bien las preguntas formuladas, pues no tenian relaci\u00f3n con las funciones del funcionario ex futbolista profesional.<\/div>\n<p><\/p>\n<div>En la denuncia est\u00e1n involucrados 25 personas, incluyendo regidores pri\u00edstas y el propio alcalde C\u00e9sar Boj\u00f3rquez y el ex mandam\u00e1s de M\u00e9rida Luis Correa Mena.<\/div>\n<p><\/p>\n<div>La diligencia se realiz\u00f3 en la agencia Segunda del Ministerio P\u00fablico y tuvo una duraci\u00f3n de hora y media.<\/div>\n<p><\/p>\n<div>Estuvo asistido por la abogada Elsy G\u00f3mez, quien tambi\u00e9n represent\u00f3 al Teclas Guzm\u00e1n cuando fue encarcelado.<\/div>\n<div><\/div>\n<\/div>\n","protected":false},"excerpt":{"rendered":"<p>El oficial mayor del Ayuntamiento de M\u00e9rida. Rommel Uribe Capetillo, compareci\u00f3 hoy ante el Ministerio P\u00fablico por la denuncia que interpuso Juan Ongay Romero, por el delito de tr\u00e1fico de<\/p>\n","protected":false},"author":1,"featured_media":29035,"comment_status":"open","ping_status":"open","sticky":false,"template":"","format":"standard","meta":{"jetpack_post_was_ever_published":false,"_jetpack_newsletter_access":"","_jetpack_dont_email_post_to_subs":false,"_jetpack_newsletter_tier_id":0,"_jetpack_memberships_contains_paywalled_content":false,"_jetpack_memberships_contains_paid_content":false,"footnotes":"","jetpack_publicize_message":"","jetpack_publicize_feature_enabled":true,"jetpack_social_post_already_shared":false,"jetpack_social_options":{"image_generator_settings":{"template":"highway","default_image_id":0,"font":"","enabled":false},"version":2}},"categories":[1,53],"tags":[],"class_list":["post-9642","post","type-post","status-publish","format-standard","has-post-thumbnail","hentry","category-sin-categoria","category-yo-no-fui"],"jetpack_publicize_connections":[],"jetpack_featured_media_url":"https:\/\/formalprision.com\/wp-content\/uploads\/2010\/06\/Imagen005.jpg","jetpack_sharing_enabled":true,"jetpack_shortlink":"https:\/\/wp.me\/p6id8p-2vw","_links":{"self":[{"href":"https:\/\/formalprision.com\/index.php?rest_route=\/wp\/v2\/posts\/9642","targetHints":{"allow":["GET"]}}],"collection":[{"href":"https:\/\/formalprision.com\/index.php?rest_route=\/wp\/v2\/posts"}],"about":[{"href":"https:\/\/formalprision.com\/index.php?rest_route=\/wp\/v2\/types\/post"}],"author":[{"embeddable":true,"href":"https:\/\/formalprision.com\/index.php?rest_route=\/wp\/v2\/users\/1"}],"replies":[{"embeddable":true,"href":"https:\/\/formalprision.com\/index.php?rest_route=%2Fwp%2Fv2%2Fcomments&post=9642"}],"version-history":[{"count":0,"href":"https:\/\/formalprision.com\/index.php?rest_route=\/wp\/v2\/posts\/9642\/revisions"}],"wp:featuredmedia":[{"embeddable":true,"href":"https:\/\/formalprision.com\/index.php?rest_route=\/wp\/v2\/media\/29035"}],"wp:attachment":[{"href":"https:\/\/formalprision.com\/index.php?rest_route=%2Fwp%2Fv2%2Fmedia&parent=9642"}],"wp:term":[{"taxonomy":"category","embeddable":true,"href":"https:\/\/formalprision.com\/index.php?rest_route=%2Fwp%2Fv2%2Fcategories&post=9642"},{"taxonomy":"post_tag","embeddable":true,"href":"https:\/\/formalprision.com\/index.php?rest_route=%2Fwp%2Fv2%2Ftags&post=9642"}],"curies":[{"name":"wp","href":"https:\/\/api.w.org\/{rel}","templated":true}]}}