{"id":9645,"date":"2010-06-23T13:43:00","date_gmt":"2010-06-23T13:43:00","guid":{"rendered":"http:\/\/formalprision.info\/2010\/06\/23\/identifican-muerta-en-el-periferico\/"},"modified":"2015-06-03T09:01:57","modified_gmt":"2015-06-03T09:01:57","slug":"identifican-muerta-en-el-periferico","status":"publish","type":"post","link":"https:\/\/formalprision.com\/?p=9645","title":{"rendered":"Identifican a muerta en el Perif\u00e9rico"},"content":{"rendered":"<p><a href=\"http:\/\/2.bp.blogspot.com\/_QwiJz8zwaOw\/TCGSsFhuR_I\/AAAAAAAAA2U\/m-21wZgd9EU\/s1600\/Imagen004.jpg\"><img decoding=\"async\" id=\"BLOGGER_PHOTO_ID_5485827107209496562\" style=\"FLOAT: left; MARGIN: 0px 10px 10px 0px; WIDTH: 240px; CURSOR: hand; HEIGHT: 320px\" alt=\"\" src=\"http:\/\/formalprision.com\/wp-content\/uploads\/2010\/06\/Imagen004.jpg\" border=\"0\" \/><\/a><\/p>\n<div>La mujer embarazada que pereci\u00f3 en el accidnete ocurrido este martes en el Perif\u00e9rico fue identificada como Sugei Gonz\u00e1lez Z\u00fa\u00f1iga, quien ten\u00eda 26 a\u00f1os de edad.<\/div>\n<div>Contaba con seis meses de embarazo y fue imposible salvar al embri\u00f3n que llevaba dentro.<\/div>\n<div>La Secretar\u00eda de Seguridad P\u00f1ublica inform\u00f3 que el accidente ocurrri\u00f3 cuando el Shadow rojo placas UVL-7818 (de Quintana Roo), era manejado por Jes\u00fas Dom\u00ednguez Gonz\u00e1lez, de 30 a\u00f1os de edad, y \u00e9ste perdi\u00f3 el control de la unidad, proyect\u00e1ndose contra la parte posteerior del cami\u00f3n materialista matr\u00edcula YP- 08986, manejado por Valerio Caamal, de 40 a\u00f1os de edad.<\/div>\n<div>Resultaron lesionados, adem\u00e1s del chofer del Shadow, sus acompa\u00f1antes Wilbert Ignacio Gonzalez Z\u00fa\u00f1iga, de 26 a\u00f1os de edad, Mar\u00eda del Carmen Z\u00fa\u00f1iga Francisco, de 40, los menores Rigel Santiago Centella Gonz\u00e1lez y Angel Israel Vargas Gonz\u00e1lez, de 4 y 5 a\u00f1os de edad.<\/div>\n<p><\/p>\n<div><\/div>\n","protected":false},"excerpt":{"rendered":"<p>La mujer embarazada que pereci\u00f3 en el accidnete ocurrido este martes en el Perif\u00e9rico fue identificada como Sugei Gonz\u00e1lez Z\u00fa\u00f1iga, quien ten\u00eda 26 a\u00f1os de edad. Contaba con seis meses<\/p>\n","protected":false},"author":1,"featured_media":29041,"comment_status":"open","ping_status":"open","sticky":false,"template":"","format":"standard","meta":{"jetpack_post_was_ever_published":false,"_jetpack_newsletter_access":"","_jetpack_dont_email_post_to_subs":false,"_jetpack_newsletter_tier_id":0,"_jetpack_memberships_contains_paywalled_content":false,"_jetpack_memberships_contains_paid_content":false,"footnotes":"","jetpack_publicize_message":"","jetpack_publicize_feature_enabled":true,"jetpack_social_post_already_shared":false,"jetpack_social_options":{"image_generator_settings":{"template":"highway","default_image_id":0,"font":"","enabled":false},"version":2}},"categories":[44,1],"tags":[],"class_list":["post-9645","post","type-post","status-publish","format-standard","has-post-thumbnail","hentry","category-morgue","category-sin-categoria"],"jetpack_publicize_connections":[],"jetpack_featured_media_url":"https:\/\/formalprision.com\/wp-content\/uploads\/2010\/06\/Imagen004.jpg","jetpack_sharing_enabled":true,"jetpack_shortlink":"https:\/\/wp.me\/p6id8p-2vz","_links":{"self":[{"href":"https:\/\/formalprision.com\/index.php?rest_route=\/wp\/v2\/posts\/9645","targetHints":{"allow":["GET"]}}],"collection":[{"href":"https:\/\/formalprision.com\/index.php?rest_route=\/wp\/v2\/posts"}],"about":[{"href":"https:\/\/formalprision.com\/index.php?rest_route=\/wp\/v2\/types\/post"}],"author":[{"embeddable":true,"href":"https:\/\/formalprision.com\/index.php?rest_route=\/wp\/v2\/users\/1"}],"replies":[{"embeddable":true,"href":"https:\/\/formalprision.com\/index.php?rest_route=%2Fwp%2Fv2%2Fcomments&post=9645"}],"version-history":[{"count":0,"href":"https:\/\/formalprision.com\/index.php?rest_route=\/wp\/v2\/posts\/9645\/revisions"}],"wp:featuredmedia":[{"embeddable":true,"href":"https:\/\/formalprision.com\/index.php?rest_route=\/wp\/v2\/media\/29041"}],"wp:attachment":[{"href":"https:\/\/formalprision.com\/index.php?rest_route=%2Fwp%2Fv2%2Fmedia&parent=9645"}],"wp:term":[{"taxonomy":"category","embeddable":true,"href":"https:\/\/formalprision.com\/index.php?rest_route=%2Fwp%2Fv2%2Fcategories&post=9645"},{"taxonomy":"post_tag","embeddable":true,"href":"https:\/\/formalprision.com\/index.php?rest_route=%2Fwp%2Fv2%2Ftags&post=9645"}],"curies":[{"name":"wp","href":"https:\/\/api.w.org\/{rel}","templated":true}]}}