{"id":9650,"date":"2010-06-22T16:50:00","date_gmt":"2010-06-22T16:50:00","guid":{"rendered":"http:\/\/formalprision.info\/2010\/06\/22\/choca-por-hablar-por-celulariba-en-bici\/"},"modified":"2015-06-03T09:01:58","modified_gmt":"2015-06-03T09:01:58","slug":"choca-por-hablar-por-celulariba-en-bici","status":"publish","type":"post","link":"https:\/\/formalprision.com\/?p=9650","title":{"rendered":"Choca por hablar por celular&#8230;iba en bici"},"content":{"rendered":"<p><a href=\"http:\/\/3.bp.blogspot.com\/_QwiJz8zwaOw\/TCDsSSdHrfI\/AAAAAAAAA10\/-_VFwHWHP9g\/s1600\/vender_en_ebay%5B1%5D.jpg\"><img decoding=\"async\" id=\"BLOGGER_PHOTO_ID_5485644145073040882\" style=\"float: left; margin: 0px 10px 10px 0px; width: 263px; height: 263px;\" alt=\"\" src=\"http:\/\/formalprision.com\/wp-content\/uploads\/2010\/06\/vender_en_ebay1.jpg\" border=\"0\" \/><\/a><\/p>\n<div>En las ciudades del primer mundo se sabe que no se debe conducir y hablar por celular al mismo tiempo, incluso las leyes sancionan esta situaci\u00f3n.<br \/>Pues en Motul se registr\u00f3 una consecuencia de esa acci\u00f3n, pero no se crean que fue por manejar un autom\u00f3vil o una camioneta, sino que fue una bicicleta la que manejaba una se\u00f1orita cuando mandaba mensajes a trav\u00e9s de su celular.<br \/>Es que en los pueblos no hay tantos veh\u00edculos como en M\u00e9rida, pero si proliferan los celulares.<br \/>Mar\u00eda Isabel Kuk Pech, de 13 a\u00f1os de edad, conduc\u00eda su bici y en un alarde de equiibrio ibmandando mensajes a un cuatito por celular, por lo que no se fij\u00f3 y choc\u00f3 contra un Jetta, que sufri\u00f3 da\u00f1os por $12,000.<br \/>El accidente ocurri\u00f3 pocodespu\u00e9s de las 2 de la tarde, cuando la adolescente iba en su bicicleta tipo monta\u00f1a sobre la calle 20 y al llegar a la 23, no respet\u00f3 la se\u00f1al de alto, chocando con el Jetta placas YZP1260, conducido por la profesora Pastora Kuk y Can.<br \/>La maestra dijo que la menor mandaba un mensaje y por m\u00e1s que ella trat\u00f3 de esquivar a la ciclista, no pudo gacerlo-<br \/>Ahora la bronca para la chavita ser\u00e1 pagar los da\u00f1os porque lo m\u00e1s caro que ten\u00eda era su celular, que compr\u00f3 en d\u00edas pasados en un Oxxo.<\/div>\n<div>Obviamente la imagen que acompa\u00f1a esta noticia no es la del accidente, pero es un ejemplo de c\u00f3mo se puede adaptar el celular a una bicicleta, aunque no sea un Iphone<\/div>\n","protected":false},"excerpt":{"rendered":"<p>En las ciudades del primer mundo se sabe que no se debe conducir y hablar por celular al mismo tiempo, incluso las leyes sancionan esta situaci\u00f3n.Pues en Motul se registr\u00f3<\/p>\n","protected":false},"author":1,"featured_media":29050,"comment_status":"open","ping_status":"open","sticky":false,"template":"","format":"standard","meta":{"jetpack_post_was_ever_published":false,"_jetpack_newsletter_access":"","_jetpack_dont_email_post_to_subs":false,"_jetpack_newsletter_tier_id":0,"_jetpack_memberships_contains_paywalled_content":false,"_jetpack_memberships_contains_paid_content":false,"footnotes":"","jetpack_publicize_message":"","jetpack_publicize_feature_enabled":true,"jetpack_social_post_already_shared":false,"jetpack_social_options":{"image_generator_settings":{"template":"highway","default_image_id":0,"font":"","enabled":false},"version":2}},"categories":[50,48,1],"tags":[],"class_list":["post-9650","post","type-post","status-publish","format-standard","has-post-thumbnail","hentry","category-machines","category-pecadoras","category-sin-categoria"],"jetpack_publicize_connections":[],"jetpack_featured_media_url":"https:\/\/formalprision.com\/wp-content\/uploads\/2010\/06\/vender_en_ebay1.jpg","jetpack_sharing_enabled":true,"jetpack_shortlink":"https:\/\/wp.me\/p6id8p-2vE","_links":{"self":[{"href":"https:\/\/formalprision.com\/index.php?rest_route=\/wp\/v2\/posts\/9650","targetHints":{"allow":["GET"]}}],"collection":[{"href":"https:\/\/formalprision.com\/index.php?rest_route=\/wp\/v2\/posts"}],"about":[{"href":"https:\/\/formalprision.com\/index.php?rest_route=\/wp\/v2\/types\/post"}],"author":[{"embeddable":true,"href":"https:\/\/formalprision.com\/index.php?rest_route=\/wp\/v2\/users\/1"}],"replies":[{"embeddable":true,"href":"https:\/\/formalprision.com\/index.php?rest_route=%2Fwp%2Fv2%2Fcomments&post=9650"}],"version-history":[{"count":0,"href":"https:\/\/formalprision.com\/index.php?rest_route=\/wp\/v2\/posts\/9650\/revisions"}],"wp:featuredmedia":[{"embeddable":true,"href":"https:\/\/formalprision.com\/index.php?rest_route=\/wp\/v2\/media\/29050"}],"wp:attachment":[{"href":"https:\/\/formalprision.com\/index.php?rest_route=%2Fwp%2Fv2%2Fmedia&parent=9650"}],"wp:term":[{"taxonomy":"category","embeddable":true,"href":"https:\/\/formalprision.com\/index.php?rest_route=%2Fwp%2Fv2%2Fcategories&post=9650"},{"taxonomy":"post_tag","embeddable":true,"href":"https:\/\/formalprision.com\/index.php?rest_route=%2Fwp%2Fv2%2Ftags&post=9650"}],"curies":[{"name":"wp","href":"https:\/\/api.w.org\/{rel}","templated":true}]}}