{"id":9656,"date":"2010-06-20T22:56:00","date_gmt":"2010-06-20T22:56:00","guid":{"rendered":"http:\/\/formalprision.info\/2010\/06\/20\/gestejan-los-papas-en-el-cereso\/"},"modified":"2015-06-03T09:02:01","modified_gmt":"2015-06-03T09:02:01","slug":"gestejan-los-papas-en-el-cereso","status":"publish","type":"post","link":"https:\/\/formalprision.com\/?p=9656","title":{"rendered":"Gestejan a los pap\u00e1s en el Cereso"},"content":{"rendered":"<p><a href=\"http:\/\/2.bp.blogspot.com\/_QwiJz8zwaOw\/TB6dirVDy3I\/AAAAAAAAA1E\/lkLnmiWwhGE\/s1600\/apapas.jpg\"><img decoding=\"async\" id=\"BLOGGER_PHOTO_ID_5484994615256009586\" style=\"FLOAT: left; MARGIN: 0px 10px 10px 0px; WIDTH: 320px; CURSOR: hand; HEIGHT: 227px\" alt=\"\" src=\"http:\/\/formalprision.com\/wp-content\/uploads\/2010\/06\/apapas.jpg\" border=\"0\" \/><\/a><\/p>\n<div><\/p>\n<div><\/p>\n<div>Los presos yucatecos tambi\u00e9n tienen derecho a festejar el \u00abD\u00eda del Padre\u00bb y este omingo padres e hijos de los internos del Centro de Readaptaci\u00f3n Social (Cereso) de M\u00e9rida festejaron con sus familiares al celebrarse en el interior del penal.<br \/>Como cada a\u00f1o desde las nueve de la ma\u00f1ana y hasta las 17 horas, alrededor de tres mil personas ingresaron al penal para convivir con sus familiares que por alguna circunstancia se encuentran en el Cereso.<br \/>El director del penal, Francisco Brito Herrera destac\u00f3 que fomentar la convivencia social y los lazos familiares de los internos permite su bienestar y hacer m\u00e1s llevadera su condena por lo que no pod\u00eda pasar inadvertida esta fecha.<br \/>Por ello, en el auditorio Centro se realiz\u00f3 un festival con shows c\u00f3micos, concursos y obsequios para los padres quieres disfrutaron del espect\u00e1culo. Adem\u00e1s, en coordinaci\u00f3n con la Secretar\u00eda de Seguridad P\u00fablica se reforz\u00f3 la vigilancia al interior y los alrededores del penal para evitar incidentes.<br \/>Tambi\u00e9n el servicio m\u00e9dico estuvo al pendiente de cualquier incidente que pudiera presentarse, aunque la jornada transcurri\u00f3 sin mayores eventualidades. <\/div>\n<\/div>\n<\/div>\n","protected":false},"excerpt":{"rendered":"<p>Los presos yucatecos tambi\u00e9n tienen derecho a festejar el \u00abD\u00eda del Padre\u00bb y este omingo padres e hijos de los internos del Centro de Readaptaci\u00f3n Social (Cereso) de M\u00e9rida festejaron<\/p>\n","protected":false},"author":1,"featured_media":29061,"comment_status":"open","ping_status":"open","sticky":false,"template":"","format":"standard","meta":{"jetpack_post_was_ever_published":false,"_jetpack_newsletter_access":"","_jetpack_dont_email_post_to_subs":false,"_jetpack_newsletter_tier_id":0,"_jetpack_memberships_contains_paywalled_content":false,"_jetpack_memberships_contains_paid_content":false,"footnotes":"","jetpack_publicize_message":"","jetpack_publicize_feature_enabled":true,"jetpack_social_post_already_shared":false,"jetpack_social_options":{"image_generator_settings":{"template":"highway","default_image_id":0,"font":"","enabled":false},"version":2}},"categories":[1,49],"tags":[],"class_list":["post-9656","post","type-post","status-publish","format-standard","has-post-thumbnail","hentry","category-sin-categoria","category-tocho-morocho"],"jetpack_publicize_connections":[],"jetpack_featured_media_url":"https:\/\/formalprision.com\/wp-content\/uploads\/2010\/06\/apapas.jpg","jetpack_sharing_enabled":true,"jetpack_shortlink":"https:\/\/wp.me\/p6id8p-2vK","_links":{"self":[{"href":"https:\/\/formalprision.com\/index.php?rest_route=\/wp\/v2\/posts\/9656","targetHints":{"allow":["GET"]}}],"collection":[{"href":"https:\/\/formalprision.com\/index.php?rest_route=\/wp\/v2\/posts"}],"about":[{"href":"https:\/\/formalprision.com\/index.php?rest_route=\/wp\/v2\/types\/post"}],"author":[{"embeddable":true,"href":"https:\/\/formalprision.com\/index.php?rest_route=\/wp\/v2\/users\/1"}],"replies":[{"embeddable":true,"href":"https:\/\/formalprision.com\/index.php?rest_route=%2Fwp%2Fv2%2Fcomments&post=9656"}],"version-history":[{"count":0,"href":"https:\/\/formalprision.com\/index.php?rest_route=\/wp\/v2\/posts\/9656\/revisions"}],"wp:featuredmedia":[{"embeddable":true,"href":"https:\/\/formalprision.com\/index.php?rest_route=\/wp\/v2\/media\/29061"}],"wp:attachment":[{"href":"https:\/\/formalprision.com\/index.php?rest_route=%2Fwp%2Fv2%2Fmedia&parent=9656"}],"wp:term":[{"taxonomy":"category","embeddable":true,"href":"https:\/\/formalprision.com\/index.php?rest_route=%2Fwp%2Fv2%2Fcategories&post=9656"},{"taxonomy":"post_tag","embeddable":true,"href":"https:\/\/formalprision.com\/index.php?rest_route=%2Fwp%2Fv2%2Ftags&post=9656"}],"curies":[{"name":"wp","href":"https:\/\/api.w.org\/{rel}","templated":true}]}}