{"id":9663,"date":"2010-06-20T04:48:00","date_gmt":"2010-06-20T04:48:00","guid":{"rendered":"http:\/\/formalprision.info\/2010\/06\/20\/energumeno-de-acanceh-la-carce\/"},"modified":"2015-06-03T09:02:02","modified_gmt":"2015-06-03T09:02:02","slug":"energumeno-de-acanceh-la-carce","status":"publish","type":"post","link":"https:\/\/formalprision.com\/?p=9663","title":{"rendered":"Energ\u00fameno de Acanceh a la c\u00e1rcel"},"content":{"rendered":"<p><a href=\"http:\/\/4.bp.blogspot.com\/_QwiJz8zwaOw\/TB2eLSPb0II\/AAAAAAAAAz0\/MOoSUw7CRjk\/s1600\/agresores.JPG\"><img decoding=\"async\" id=\"BLOGGER_PHOTO_ID_5484713837919457410\" style=\"FLOAT: left; MARGIN: 0px 10px 10px 0px; WIDTH: 249px; CURSOR: hand; HEIGHT: 320px\" alt=\"\" src=\"http:\/\/formalprision.com\/wp-content\/uploads\/2010\/06\/agresores.jpg\" border=\"0\" \/><\/a><\/p>\n<div>Por haber agredido a golpes a dos vecinos de Acanceh, fue detenido y consignado al Centro de Readaptaci\u00f3n Social del Estado, JOS\u00c9 ROSENDO MENA AKE,<br \/>En la denuncia interpuesta por los afectados V\u00edctor Narv\u00e1ez Moreno y su hijo Luis Narv\u00e1ez Tut, se indica que eran las 16:00 horas del pasado 16 de los corrientes, cuando el ahora detenido se present\u00f3 ebrio a la casa de Mar\u00eda Guadalupe Narv\u00e1ez Moreno, hermana del primer denunciante, y despu\u00e9s de conducirse en actitud impertinente, intent\u00f3 agredirla.<br \/>Con el fin de defender a su t\u00eda, Luis Narv\u00e1ez intervino, aunque fue empujado por el energ\u00fameno ocasionando su ca\u00edda y lesion\u00e1ndose, por lo que ahora intervino el segundo denunciante quien forceje\u00f3 con el ahora detenido, aunque \u00e9ste lo sujet\u00f3 y lo golpe\u00f3 en la cara en varias ocasiones antes de poder ser auxiliado por agentes polic\u00edacos que llegaron al lugar alertados por la due\u00f1a del predio, quienes detuvieron al agresor y lo trasladaron a la c\u00e1rcel p\u00fablica. <\/div>\n","protected":false},"excerpt":{"rendered":"<p>Por haber agredido a golpes a dos vecinos de Acanceh, fue detenido y consignado al Centro de Readaptaci\u00f3n Social del Estado, JOS\u00c9 ROSENDO MENA AKE,En la denuncia interpuesta por los<\/p>\n","protected":false},"author":1,"featured_media":29076,"comment_status":"open","ping_status":"open","sticky":false,"template":"","format":"standard","meta":{"jetpack_post_was_ever_published":false,"_jetpack_newsletter_access":"","_jetpack_dont_email_post_to_subs":false,"_jetpack_newsletter_tier_id":0,"_jetpack_memberships_contains_paywalled_content":false,"_jetpack_memberships_contains_paid_content":false,"footnotes":"","jetpack_publicize_message":"","jetpack_publicize_feature_enabled":true,"jetpack_social_post_already_shared":false,"jetpack_social_options":{"image_generator_settings":{"template":"highway","default_image_id":0,"font":"","enabled":false},"version":2}},"categories":[50,1],"tags":[],"class_list":["post-9663","post","type-post","status-publish","format-standard","has-post-thumbnail","hentry","category-machines","category-sin-categoria"],"jetpack_publicize_connections":[],"jetpack_featured_media_url":"https:\/\/formalprision.com\/wp-content\/uploads\/2010\/06\/agresores.jpg","jetpack_sharing_enabled":true,"jetpack_shortlink":"https:\/\/wp.me\/p6id8p-2vR","_links":{"self":[{"href":"https:\/\/formalprision.com\/index.php?rest_route=\/wp\/v2\/posts\/9663","targetHints":{"allow":["GET"]}}],"collection":[{"href":"https:\/\/formalprision.com\/index.php?rest_route=\/wp\/v2\/posts"}],"about":[{"href":"https:\/\/formalprision.com\/index.php?rest_route=\/wp\/v2\/types\/post"}],"author":[{"embeddable":true,"href":"https:\/\/formalprision.com\/index.php?rest_route=\/wp\/v2\/users\/1"}],"replies":[{"embeddable":true,"href":"https:\/\/formalprision.com\/index.php?rest_route=%2Fwp%2Fv2%2Fcomments&post=9663"}],"version-history":[{"count":0,"href":"https:\/\/formalprision.com\/index.php?rest_route=\/wp\/v2\/posts\/9663\/revisions"}],"wp:featuredmedia":[{"embeddable":true,"href":"https:\/\/formalprision.com\/index.php?rest_route=\/wp\/v2\/media\/29076"}],"wp:attachment":[{"href":"https:\/\/formalprision.com\/index.php?rest_route=%2Fwp%2Fv2%2Fmedia&parent=9663"}],"wp:term":[{"taxonomy":"category","embeddable":true,"href":"https:\/\/formalprision.com\/index.php?rest_route=%2Fwp%2Fv2%2Fcategories&post=9663"},{"taxonomy":"post_tag","embeddable":true,"href":"https:\/\/formalprision.com\/index.php?rest_route=%2Fwp%2Fv2%2Ftags&post=9663"}],"curies":[{"name":"wp","href":"https:\/\/api.w.org\/{rel}","templated":true}]}}