{"id":96687,"date":"2022-02-10T19:41:29","date_gmt":"2022-02-11T00:41:29","guid":{"rendered":"http:\/\/formalprision.com\/?p=96687"},"modified":"2022-02-11T14:29:07","modified_gmt":"2022-02-11T19:29:07","slug":"yucatan-se-mantiene-en-semaforo-amarillo-hoy-11-fallecidos-y-515-contagios-de-covid-19","status":"publish","type":"post","link":"https:\/\/formalprision.com\/?p=96687","title":{"rendered":"Yucat\u00e1n sigue en amarillo: hoy 11 fallecidos y 515 contagios de Covid-19"},"content":{"rendered":"\n<p>La Secretar\u00eda de Salud informa que este jueves 10 de febrero se registraron 11 fallecidos por Covid-19, entre ellos 10 hombre y una mujer.<\/p>\n\n\n\n<p>Tambi\u00e9n de detectaron 127 pacientes en hospitales p\u00fablicos y 515 nuevos contagios de Covid-19 en Yucat\u00e1n.<\/p>\n\n\n\n<p>Yucat\u00e1n se mantuvo en sem\u00e1foro epidemiol\u00f3gico color amarillo, con varios indicadores en descenso.<\/p>\n\n\n\n<p>Hasta ahora ya suman 104,347 contagios desde que lleg\u00f3 al estado la pandemia, el 13 de marzo de 2020.<\/p>\n\n\n\n<p>Este es el parte m\u00e9dico de este jueves 10 de febrero:<\/p>\n\n\n\n<p>Como se ha se\u00f1alado, en la reapertura econ\u00f3mica los datos m\u00e1s importantes son la ocupaci\u00f3n hospitalaria y los ingresos diarios. El d\u00eda de hoy tenemos 127 pacientes en hospitales p\u00fablicos.<\/p>\n\n\n\n<p>93,613 pacientes ya se recuperaron: no presentan s\u00edntomas ni pueden contagiar. Esta cifra representa el 88% del total de contagios registrados, que es 104,347.<\/p>\n\n\n\n<figure class=\"wp-block-image size-full\"><a href=\"http:\/\/formalprision.com\/wp-content\/uploads\/2022\/02\/43949ba9-f78b-499f-8fe4-3d8d5ed6cdd9.jpg\"><img loading=\"lazy\" decoding=\"async\" width=\"800\" height=\"569\" src=\"http:\/\/formalprision.com\/wp-content\/uploads\/2022\/02\/43949ba9-f78b-499f-8fe4-3d8d5ed6cdd9.jpg\" alt=\"\" class=\"wp-image-96691\" srcset=\"https:\/\/formalprision.com\/wp-content\/uploads\/2022\/02\/43949ba9-f78b-499f-8fe4-3d8d5ed6cdd9.jpg 800w, https:\/\/formalprision.com\/wp-content\/uploads\/2022\/02\/43949ba9-f78b-499f-8fe4-3d8d5ed6cdd9-300x213.jpg 300w, https:\/\/formalprision.com\/wp-content\/uploads\/2022\/02\/43949ba9-f78b-499f-8fe4-3d8d5ed6cdd9-768x546.jpg 768w\" sizes=\"auto, (max-width: 800px) 100vw, 800px\" \/><\/a><\/figure>\n\n\n\n<p>Hoy se detectaron 515 nuevos contagios de Coronavirus:<\/p>\n\n\n\n<p>343 en M\u00e9rida,<\/p>\n\n\n\n<p>51 en Kanas\u00edn,<\/p>\n\n\n\n<p>25 en Um\u00e1n,<\/p>\n\n\n\n<p>24 en Samahil,<\/p>\n\n\n\n<p>14 en Hunucm\u00e1,<\/p>\n\n\n\n<p>7 en Acanceh y Tekax,<\/p>\n\n\n\n<p>6 en Maxcan\u00fa,<\/p>\n\n\n\n<p>5 en Motul,<\/p>\n\n\n\n<p>4 en Progreso,<\/p>\n\n\n\n<p>3 en Tizim\u00edn y Valladolid,<\/p>\n\n\n\n<p>2 en Akil, Dzit\u00e1s, Mama, Tixkokob,<\/p>\n\n\n\n<p>1 en Cacalch\u00e9n, Dzidzant\u00fan, Hom\u00fan, Huh\u00ed, Kinchil, Oxkutzcab, Peto, Tecoh, Telchac Pueblo, Ticul, Tinum, Tixm\u00e9huac, Tzucacab y Uc\u00fa.<\/p>\n\n\n\n<p>1 for\u00e1neo<\/p>\n\n\n\n<p>De los casos 104,347 positivos, 746 son de otro pa\u00eds u otro estado.<\/p>\n\n\n\n<p>Espec\u00edficamente, en M\u00e9rida se han diagnosticado 63,989 personas contagiadas de Coronavirus (casos acumulados al 9 de febrero), que viven en:<\/p>\n\n\n\n<p>16,508 en la zona Norte<\/p>\n\n\n\n<p>15,563 en la zona Oriente<\/p>\n\n\n\n<p>6,099 en la zona Centro<\/p>\n\n\n\n<p>10,299 en la zona Sur<\/p>\n\n\n\n<p>15,520 en la zona Poniente<\/p>\n\n\n\n<figure class=\"wp-block-image size-full\"><a href=\"http:\/\/formalprision.com\/wp-content\/uploads\/2022\/02\/44083dc7-6ec4-49c2-8e48-8a639c8ba279.jpg\"><img loading=\"lazy\" decoding=\"async\" width=\"800\" height=\"540\" src=\"http:\/\/formalprision.com\/wp-content\/uploads\/2022\/02\/44083dc7-6ec4-49c2-8e48-8a639c8ba279.jpg\" alt=\"\" class=\"wp-image-96692\" srcset=\"https:\/\/formalprision.com\/wp-content\/uploads\/2022\/02\/44083dc7-6ec4-49c2-8e48-8a639c8ba279.jpg 800w, https:\/\/formalprision.com\/wp-content\/uploads\/2022\/02\/44083dc7-6ec4-49c2-8e48-8a639c8ba279-300x203.jpg 300w, https:\/\/formalprision.com\/wp-content\/uploads\/2022\/02\/44083dc7-6ec4-49c2-8e48-8a639c8ba279-768x518.jpg 768w\" sizes=\"auto, (max-width: 800px) 100vw, 800px\" \/><\/a><\/figure>\n\n\n\n<p>Lamentablemente, en este parte m\u00e9dico informamos de 11 fallecimientos:<\/p>\n\n\n\n<p>1.- Masculino 70 a\u00f1os de M\u00e9rida DM\/HAS\/Enfermedad cardiovascular<\/p>\n\n\n\n<p>2.- Masculino 71 a\u00f1os de M\u00e9rida Sin comorbilidades<\/p>\n\n\n\n<p>3.- Masculino 63 a\u00f1os de Kanas\u00edn Sin comorbilidades<\/p>\n\n\n\n<p>4.- Femenino 79 a\u00f1os de Sinanch\u00e9&nbsp;&nbsp;&nbsp; Sin comorbilidades<\/p>\n\n\n\n<p>5.- Masculino 84 a\u00f1os de Valladolid Enfermedad cardiovascular\/Tabaquismo<\/p>\n\n\n\n<p>6.- Masculino 57 a\u00f1os de Cenotillo DM\/HAS<\/p>\n\n\n\n<p>7.- Masculino 68 a\u00f1os de M\u00e9rida DM<\/p>\n\n\n\n<p>8.- Masculino 75 a\u00f1os de M\u00e9rida HAS<\/p>\n\n\n\n<p>9.- Masculino 74 a\u00f1os de M\u00e9rida DM\/Enfermedad cardiovascular\/Obesidad\/IRC\/HAS<\/p>\n\n\n\n<p>10.- Masculino 87 a\u00f1os de Motul DM<\/p>\n\n\n\n<p>11.- Masculino 65 a\u00f1os de M\u00e9rida DM\/IRC\/HAS<\/p>\n\n\n\n<p>Siglas: HIPERTENSI\u00d3N ARTERIAL SIST\u00c9MICA (HAS), DIABETES MELLITUS (DM) e INSUFICIENCIA RENAL CR\u00d3NICA (IRC).<\/p>\n\n\n\n<p>En total, son 6,735 las personas fallecidas a causa del Coronavirus.<\/p>\n\n\n\n<p>De los casos activos, 3,872 est\u00e1n estables, aislados, monitoreados por personal m\u00e9dico de la SSY; presentan s\u00edntomas leves.<\/p>\n\n\n\n<p>Como ya se mencion\u00f3, 127 de los casos positivos est\u00e1n en hospitales p\u00fablicos y en aislamiento total. Hay otros pacientes a la espera de diagn\u00f3stico.<\/p>\n\n\n\n<p>El rango de edad de los casos es de 1 mes a 107 a\u00f1os.<\/p>\n\n\n\n<p>ESTOS SON LOS INDICADORES DEL SEM\u00c1FORO ESTATAL DE YUCAT\u00c1N ESTE JUEVES 10 DE ENERO:<\/p>\n\n\n\n<p>* Porcentaje de ocupaci\u00f3n de cuidados intensivos total (Covid + No Covid): 34.4%, EN AMARILLO Y EN DESCENSO.<\/p>\n\n\n\n<p>* Porcentaje de ocupaci\u00f3n de camas de hospitalizaci\u00f3n total (Covid + No Covid): 57.5%, EN AMARILLO Y ESTABLE.<\/p>\n\n\n\n<p>* El incremento en admisiones hospitalarias de la semana con respecto a la anterior est\u00e1 EN VERDE Y EN DESCENSO.<\/p>\n\n\n\n<p>* El ritmo de contagiosidad del Coronavirus est\u00e1 en 0.65, EN VERDE Y EN DESCENSO.<\/p>\n\n\n\n<p>* La positividad de los casos es de 77.6%, EN ROJO Y EN DESCENSO.<\/p>\n\n\n\n<p>LOS INDICADORES SEMANALES DEL SEM\u00c1FORO ESTATAL DE SALUD MARCAN COLOR AMARILLO.<\/p>\n","protected":false},"excerpt":{"rendered":"<p>La Secretar\u00eda de Salud informa que este jueves 10 de febrero se registraron 11 fallecidos por Covid-19, entre ellos 10 hombre y una mujer. Tambi\u00e9n de detectaron 127 pacientes en<\/p>\n","protected":false},"author":2,"featured_media":96690,"comment_status":"open","ping_status":"open","sticky":false,"template":"","format":"standard","meta":{"jetpack_post_was_ever_published":false,"_jetpack_newsletter_access":"","_jetpack_dont_email_post_to_subs":false,"_jetpack_newsletter_tier_id":0,"_jetpack_memberships_contains_paywalled_content":false,"_jetpack_memberships_contains_paid_content":false,"footnotes":"","jetpack_publicize_message":"Hoy jueves de sem\u00e1foro epidemiol\u00f3gico se reportan 127 pacientes en hospitales p\u00fablicos, 11 fallecidos y 515 nuevos contagios de Covid-19 en Yucat\u00e1n.","jetpack_publicize_feature_enabled":true,"jetpack_social_post_already_shared":true,"jetpack_social_options":{"image_generator_settings":{"template":"highway","default_image_id":0,"font":"","enabled":false},"version":2}},"categories":[54],"tags":[],"class_list":["post-96687","post","type-post","status-publish","format-standard","has-post-thumbnail","hentry","category-yucatan"],"jetpack_publicize_connections":[],"jetpack_featured_media_url":"https:\/\/formalprision.com\/wp-content\/uploads\/2022\/02\/84859161-195a-4d7f-9dab-bcb6d5581b16.jpg","jetpack_sharing_enabled":true,"jetpack_shortlink":"https:\/\/wp.me\/p6id8p-p9t","_links":{"self":[{"href":"https:\/\/formalprision.com\/index.php?rest_route=\/wp\/v2\/posts\/96687","targetHints":{"allow":["GET"]}}],"collection":[{"href":"https:\/\/formalprision.com\/index.php?rest_route=\/wp\/v2\/posts"}],"about":[{"href":"https:\/\/formalprision.com\/index.php?rest_route=\/wp\/v2\/types\/post"}],"author":[{"embeddable":true,"href":"https:\/\/formalprision.com\/index.php?rest_route=\/wp\/v2\/users\/2"}],"replies":[{"embeddable":true,"href":"https:\/\/formalprision.com\/index.php?rest_route=%2Fwp%2Fv2%2Fcomments&post=96687"}],"version-history":[{"count":0,"href":"https:\/\/formalprision.com\/index.php?rest_route=\/wp\/v2\/posts\/96687\/revisions"}],"wp:featuredmedia":[{"embeddable":true,"href":"https:\/\/formalprision.com\/index.php?rest_route=\/wp\/v2\/media\/96690"}],"wp:attachment":[{"href":"https:\/\/formalprision.com\/index.php?rest_route=%2Fwp%2Fv2%2Fmedia&parent=96687"}],"wp:term":[{"taxonomy":"category","embeddable":true,"href":"https:\/\/formalprision.com\/index.php?rest_route=%2Fwp%2Fv2%2Fcategories&post=96687"},{"taxonomy":"post_tag","embeddable":true,"href":"https:\/\/formalprision.com\/index.php?rest_route=%2Fwp%2Fv2%2Ftags&post=96687"}],"curies":[{"name":"wp","href":"https:\/\/api.w.org\/{rel}","templated":true}]}}