{"id":96698,"date":"2022-02-10T22:49:34","date_gmt":"2022-02-11T03:49:34","guid":{"rendered":"http:\/\/formalprision.com\/?p=96698"},"modified":"2022-02-11T14:31:34","modified_gmt":"2022-02-11T19:31:34","slug":"cultur-reanudara-este-viernes-11-el-espectaculo-de-videomapping-en-valladolid","status":"publish","type":"post","link":"https:\/\/formalprision.com\/?p=96698","title":{"rendered":"Cultur reanudar\u00e1 este viernes 11 el espect\u00e1culo de videomapping en Valladolid"},"content":{"rendered":"\n<p>Luego de cuatro meses que estuvo fuera de servicio, a consecuencia del grave da\u00f1o que caus\u00f3 un rayo a los proyectores del videomapping que se ofrece en el Convento de San Bernardino, en el barrio de Sisal, Valladolid, ma\u00f1ana se reanudar\u00e1 este espect\u00e1culo para disfrute de turistas.<\/p>\n\n\n\n<p>El desperfecto ocurri\u00f3 el 1 de octubre de 2021, cuando la descarga el\u00e9ctrica afect\u00f3 los cuatro proyectores, las tarjetas y los convertidores de video, as\u00ed como los ventiladores, los cables y las fuentes de poder.<\/p>\n\n\n\n<p>Considerando que se trata de artefactos antiguos, que incluso ya est\u00e1n descontinuados, no fue f\u00e1cil conseguir las piezas da\u00f1adas, que finalmente se compraron en diversas partes del mundo, y se hicieron sobre pedido.<\/p>\n\n\n\n<p>Adem\u00e1s de lo anterior, hay que considerar que el problema se complic\u00f3, dado que por la pandemia los vuelos internacionales tienen restricciones y la transportaci\u00f3n de los artefactos no fue tan ligera como se hubiera querido.<\/p>\n\n\n\n<p>Los da\u00f1os implicaron una inversi\u00f3n superior a los 500 mil pesos.<\/p>\n","protected":false},"excerpt":{"rendered":"<p>Luego de cuatro meses que estuvo fuera de servicio, a consecuencia del grave da\u00f1o que caus\u00f3 un rayo a los proyectores del videomapping que se ofrece en el Convento de<\/p>\n","protected":false},"author":2,"featured_media":96700,"comment_status":"open","ping_status":"open","sticky":false,"template":"","format":"standard","meta":{"jetpack_post_was_ever_published":false,"_jetpack_newsletter_access":"","_jetpack_dont_email_post_to_subs":false,"_jetpack_newsletter_tier_id":0,"_jetpack_memberships_contains_paywalled_content":false,"_jetpack_memberships_contains_paid_content":false,"footnotes":"","jetpack_publicize_message":"Estuvo fuera de servicio por grave da\u00f1o que caus\u00f3 un rayo a todo el equipo del videomapping de Valladolid.","jetpack_publicize_feature_enabled":true,"jetpack_social_post_already_shared":true,"jetpack_social_options":{"image_generator_settings":{"template":"highway","default_image_id":0,"font":"","enabled":false},"version":2}},"categories":[54],"tags":[],"class_list":["post-96698","post","type-post","status-publish","format-standard","has-post-thumbnail","hentry","category-yucatan"],"jetpack_publicize_connections":[],"jetpack_featured_media_url":"https:\/\/formalprision.com\/wp-content\/uploads\/2022\/02\/Valladolid-2.jpeg","jetpack_sharing_enabled":true,"jetpack_shortlink":"https:\/\/wp.me\/p6id8p-p9E","_links":{"self":[{"href":"https:\/\/formalprision.com\/index.php?rest_route=\/wp\/v2\/posts\/96698","targetHints":{"allow":["GET"]}}],"collection":[{"href":"https:\/\/formalprision.com\/index.php?rest_route=\/wp\/v2\/posts"}],"about":[{"href":"https:\/\/formalprision.com\/index.php?rest_route=\/wp\/v2\/types\/post"}],"author":[{"embeddable":true,"href":"https:\/\/formalprision.com\/index.php?rest_route=\/wp\/v2\/users\/2"}],"replies":[{"embeddable":true,"href":"https:\/\/formalprision.com\/index.php?rest_route=%2Fwp%2Fv2%2Fcomments&post=96698"}],"version-history":[{"count":0,"href":"https:\/\/formalprision.com\/index.php?rest_route=\/wp\/v2\/posts\/96698\/revisions"}],"wp:featuredmedia":[{"embeddable":true,"href":"https:\/\/formalprision.com\/index.php?rest_route=\/wp\/v2\/media\/96700"}],"wp:attachment":[{"href":"https:\/\/formalprision.com\/index.php?rest_route=%2Fwp%2Fv2%2Fmedia&parent=96698"}],"wp:term":[{"taxonomy":"category","embeddable":true,"href":"https:\/\/formalprision.com\/index.php?rest_route=%2Fwp%2Fv2%2Fcategories&post=96698"},{"taxonomy":"post_tag","embeddable":true,"href":"https:\/\/formalprision.com\/index.php?rest_route=%2Fwp%2Fv2%2Ftags&post=96698"}],"curies":[{"name":"wp","href":"https:\/\/api.w.org\/{rel}","templated":true}]}}