{"id":9674,"date":"2010-06-17T03:35:00","date_gmt":"2010-06-17T03:35:00","guid":{"rendered":"http:\/\/formalprision.info\/2010\/06\/17\/detenidos-par-de-ratas-en-kanasin\/"},"modified":"2015-06-03T09:02:03","modified_gmt":"2015-06-03T09:02:03","slug":"detenidos-par-de-ratas-en-kanasin","status":"publish","type":"post","link":"https:\/\/formalprision.com\/?p=9674","title":{"rendered":"Detenidos par de ratas en Kanas\u00edn"},"content":{"rendered":"<p><a href=\"http:\/\/1.bp.blogspot.com\/_QwiJz8zwaOw\/TBmYpbkQtjI\/AAAAAAAAAy0\/Ty2iPKNGiKk\/s1600\/aJOSE_GILBERTO_.JPG\"><img decoding=\"async\" id=\"BLOGGER_PHOTO_ID_5483581858842195506\" style=\"FLOAT: left; MARGIN: 0px 10px 10px 0px; WIDTH: 270px; CURSOR: hand; HEIGHT: 320px\" alt=\"\" src=\"http:\/\/formalprision.com\/wp-content\/uploads\/2010\/06\/aJOSE_GILBERTO_.jpg\" border=\"0\" \/><\/a><\/p>\n<div>Mientras deambulaban por las instalaciones de una empresa dedicada al ramo agropecuario en busca de m\u00e1s cosas para robar, pues ya hab\u00edan sustra\u00eddo varios art\u00edculos, fueron sorprendidos por agentes de la Polic\u00f1ia Municipal de Kanas\u00edn MIGUEL \u00c1NGEL AMAYA CH\u00cd y JOS\u00c9 GILBERTO KUMUL SALAZAR.<\/div>\n<p><\/p>\n<div>En la denuncia interpuesta ante las autoridades ministeriales, Jos\u00e9 Rodr\u00edguez Gamboa, presidente del consejo de vigilancia de la sociedad \u201cBalanceados Agropecuarios\u201d sociedad de producci\u00f3n de responsabilidad limitada, indica que \u00e9sta se ubica en el kil\u00f3metro siete de la carretera M\u00e9rida Acanceh-Kanas\u00edn.<br \/>Asimismo refiere que los hechos tuvieron lugar alrededor de las 08:55 horas del pasado 12 de los corrientes cuando previamente puestos de acuerdo para robar objetos de valor, se constituyeron a las instalaciones del sitio ya referido a bordo de un triciclo y un mototaxi, introduci\u00e9ndose sin autorizaci\u00f3n.<br \/>Seguidamente cortaron cuatro tiras de cable del cortacircuito del transformador, mismo que desapareci\u00f3 al igual que el medidor de corriente perteneciente a la CFE, tuber\u00eda de aluminio, estructuras met\u00e1licas consistentes en cuatro separadores de gesti\u00f3n para marranas, dos paneles para las jaulas de destete y parte de la tuber\u00eda de aluminio as\u00ed como otras estructuras que pensaban vender como chatarra. Todo lo cual subieron al mototaxi.<br \/>No conformes con eso, regresaron al interior de las instalaciones en busca de m\u00e1s material, momento en que fueron sorprendidos por Rodr\u00edguez Gamboa, quien someti\u00f3 a uno de los indiciados y solicit\u00f3 ayuda a la polic\u00eda municipal de Kanas\u00edn que al llegar localiz\u00f3 y detuvo al segundo involucrado.<br \/>Junto con los detenidos, se puso a disposici\u00f3n un triciclo de carga y una motocicleta habilitada como taxi de la marca KTA, n\u00famero econ\u00f3mico 154 y placas VKK02 que estaba cargado de diversas estructuras met\u00e1licas.<br \/>Interpuesta la denuncia correspondiente ante el Ministerio P\u00fablico, el par de cacos fue consignado al Centro de Readaptaci\u00f3n Social del Estado para ser puestos a disposici\u00f3n del Juez en turno. <\/div>\n","protected":false},"excerpt":{"rendered":"<p>Mientras deambulaban por las instalaciones de una empresa dedicada al ramo agropecuario en busca de m\u00e1s cosas para robar, pues ya hab\u00edan sustra\u00eddo varios art\u00edculos, fueron sorprendidos por agentes de<\/p>\n","protected":false},"author":1,"featured_media":29096,"comment_status":"open","ping_status":"open","sticky":false,"template":"","format":"standard","meta":{"jetpack_post_was_ever_published":false,"_jetpack_newsletter_access":"","_jetpack_dont_email_post_to_subs":false,"_jetpack_newsletter_tier_id":0,"_jetpack_memberships_contains_paywalled_content":false,"_jetpack_memberships_contains_paid_content":false,"footnotes":"","jetpack_publicize_message":"","jetpack_publicize_feature_enabled":true,"jetpack_social_post_already_shared":false,"jetpack_social_options":{"image_generator_settings":{"template":"highway","default_image_id":0,"font":"","enabled":false},"version":2}},"categories":[57,1],"tags":[],"class_list":["post-9674","post","type-post","status-publish","format-standard","has-post-thumbnail","hentry","category-ratas","category-sin-categoria"],"jetpack_publicize_connections":[],"jetpack_featured_media_url":"https:\/\/formalprision.com\/wp-content\/uploads\/2010\/06\/aJOSE_GILBERTO_.jpg","jetpack_sharing_enabled":true,"jetpack_shortlink":"https:\/\/wp.me\/p6id8p-2w2","_links":{"self":[{"href":"https:\/\/formalprision.com\/index.php?rest_route=\/wp\/v2\/posts\/9674","targetHints":{"allow":["GET"]}}],"collection":[{"href":"https:\/\/formalprision.com\/index.php?rest_route=\/wp\/v2\/posts"}],"about":[{"href":"https:\/\/formalprision.com\/index.php?rest_route=\/wp\/v2\/types\/post"}],"author":[{"embeddable":true,"href":"https:\/\/formalprision.com\/index.php?rest_route=\/wp\/v2\/users\/1"}],"replies":[{"embeddable":true,"href":"https:\/\/formalprision.com\/index.php?rest_route=%2Fwp%2Fv2%2Fcomments&post=9674"}],"version-history":[{"count":0,"href":"https:\/\/formalprision.com\/index.php?rest_route=\/wp\/v2\/posts\/9674\/revisions"}],"wp:featuredmedia":[{"embeddable":true,"href":"https:\/\/formalprision.com\/index.php?rest_route=\/wp\/v2\/media\/29096"}],"wp:attachment":[{"href":"https:\/\/formalprision.com\/index.php?rest_route=%2Fwp%2Fv2%2Fmedia&parent=9674"}],"wp:term":[{"taxonomy":"category","embeddable":true,"href":"https:\/\/formalprision.com\/index.php?rest_route=%2Fwp%2Fv2%2Fcategories&post=9674"},{"taxonomy":"post_tag","embeddable":true,"href":"https:\/\/formalprision.com\/index.php?rest_route=%2Fwp%2Fv2%2Ftags&post=9674"}],"curies":[{"name":"wp","href":"https:\/\/api.w.org\/{rel}","templated":true}]}}