{"id":9680,"date":"2010-06-16T03:39:00","date_gmt":"2010-06-16T03:39:00","guid":{"rendered":"http:\/\/formalprision.info\/2010\/06\/16\/golpeador-de-caucel-la-carce\/"},"modified":"2015-06-03T09:02:04","modified_gmt":"2015-06-03T09:02:04","slug":"golpeador-de-caucel-la-carce","status":"publish","type":"post","link":"https:\/\/formalprision.com\/?p=9680","title":{"rendered":"Golpeador de Caucel a la c\u00e1rcel"},"content":{"rendered":"<p><a href=\"http:\/\/1.bp.blogspot.com\/_QwiJz8zwaOw\/TBhNFpawJSI\/AAAAAAAAAws\/97nu1GiVy-I\/s1600\/a_CANUL_ORTA_-.JPG\"><img decoding=\"async\" id=\"BLOGGER_PHOTO_ID_5483217305736324386\" style=\"FLOAT: left; MARGIN: 0px 10px 10px 0px; WIDTH: 214px; CURSOR: hand; HEIGHT: 320px\" alt=\"\" src=\"http:\/\/formalprision.com\/wp-content\/uploads\/2010\/06\/a_CANUL_ORTA_-.jpg\" border=\"0\" \/><\/a><\/p>\n<div>Agentes de la Polic\u00eda Judicial detuvieron a ORLANDO JAVIER CANUL ORTA, acusado de agredir a Florentino Canch\u00e9 Urtecho cuando ambos se encontraron ebrios en la v\u00eda p\u00fablica.<br \/>En su denuncia, el afectado se\u00f1al\u00f3 que el pasado 18 de junio de 2009 cuando a las 22;30 horas caminaba sobre la calle 20 entre 9 y 11 de la localidad de Caucel y se encontr\u00f3 con Canul Orta, quien sin motivo alguno lo agredi\u00f3 a golpes haci\u00e9ndolo caer al pavimento.<br \/>Ya en el piso, el ahora denunciante sigui\u00f3 recibiendo golpes por parte del agresor, conforme a lo que dijo en su declaraci\u00f3n ante el Ministerio P\u00fablico, y solo par\u00f3 el castigo gracias a que intervinieron unos vecinos del rumbo que detuvieron al golpeador.<br \/>Inicialmente no se apreciaban huellas de lesiones en el denunciante, por lo que al efectuarle un examen m\u00e9dico, refiri\u00f3 dolor en el o\u00eddo y t\u00edmpano derechos, por lo que se le efectu\u00f3 una revisi\u00f3n detallada que dio a notar la rotura de la membrana timp\u00e1nica y contusi\u00f3n del pabell\u00f3n auricular, ocasionados por traumatismo directo, que, aunque no se calific\u00f3 como lesi\u00f3n que pone en peligro la vida, s\u00ed tarda en sanar m\u00e1s de 15 d\u00edas.<br \/>Corridas las indagatorias del caso, Canul Orta fue localizado por los agentes judiciales cuando se encontraba a la salida de Caucel hacia la carretera a Cheum\u00e1n, inform\u00e1ndosele que ten\u00eda una orden de aprehensi\u00f3n en su contra y que era requerido por el Juez Sexto Penal, d\u00e1ndose por cumplida y trasladando al detenido ante dicha autoridad.<br \/>En otro caso, tambi\u00e9n fue enviado al penal FRANCISCO AVILA PECH, acusado por el delito de robo calificado en pandilla y denunciado por F\u00e9lix Leonardo \u00c1vila y Rodr\u00edguez, as\u00ed como por Mar\u00eda Isabel Lizama Vel\u00e1zquez.<br \/>En el acta 1095\/11\u00aa\/2010, los quejosos se\u00f1alaron que eran cerca de las 12 del d\u00eda cuando el ahora detenido, acompa\u00f1ado de dos sujetos m\u00e1s, se introdujeron sin autorizaci\u00f3n al predio 49-A localizado en la calle 24 entre 19 y 21 de Chelem Puerto, comisar\u00eda de Progreso, de donde cortaron 8 palmas de coco que cortaron de dos palmeras, situaci\u00f3n que enoj\u00f3 a los propietarios del lugar que solicitaron la intervenci\u00f3n de la polic\u00eda local para detener a los intrusos, aunque solamente se localiz\u00f3 al citado \u00c1vila Pech, quien hoy fue consignado al penal. <\/div>\n","protected":false},"excerpt":{"rendered":"<p>Agentes de la Polic\u00eda Judicial detuvieron a ORLANDO JAVIER CANUL ORTA, acusado de agredir a Florentino Canch\u00e9 Urtecho cuando ambos se encontraron ebrios en la v\u00eda p\u00fablica.En su denuncia, el<\/p>\n","protected":false},"author":1,"featured_media":29107,"comment_status":"open","ping_status":"open","sticky":false,"template":"","format":"standard","meta":{"jetpack_post_was_ever_published":false,"_jetpack_newsletter_access":"","_jetpack_dont_email_post_to_subs":false,"_jetpack_newsletter_tier_id":0,"_jetpack_memberships_contains_paywalled_content":false,"_jetpack_memberships_contains_paid_content":false,"footnotes":"","jetpack_publicize_message":"","jetpack_publicize_feature_enabled":true,"jetpack_social_post_already_shared":false,"jetpack_social_options":{"image_generator_settings":{"template":"highway","default_image_id":0,"font":"","enabled":false},"version":2}},"categories":[50,1],"tags":[],"class_list":["post-9680","post","type-post","status-publish","format-standard","has-post-thumbnail","hentry","category-machines","category-sin-categoria"],"jetpack_publicize_connections":[],"jetpack_featured_media_url":"https:\/\/formalprision.com\/wp-content\/uploads\/2010\/06\/a_CANUL_ORTA_-.jpg","jetpack_sharing_enabled":true,"jetpack_shortlink":"https:\/\/wp.me\/p6id8p-2w8","_links":{"self":[{"href":"https:\/\/formalprision.com\/index.php?rest_route=\/wp\/v2\/posts\/9680","targetHints":{"allow":["GET"]}}],"collection":[{"href":"https:\/\/formalprision.com\/index.php?rest_route=\/wp\/v2\/posts"}],"about":[{"href":"https:\/\/formalprision.com\/index.php?rest_route=\/wp\/v2\/types\/post"}],"author":[{"embeddable":true,"href":"https:\/\/formalprision.com\/index.php?rest_route=\/wp\/v2\/users\/1"}],"replies":[{"embeddable":true,"href":"https:\/\/formalprision.com\/index.php?rest_route=%2Fwp%2Fv2%2Fcomments&post=9680"}],"version-history":[{"count":0,"href":"https:\/\/formalprision.com\/index.php?rest_route=\/wp\/v2\/posts\/9680\/revisions"}],"wp:featuredmedia":[{"embeddable":true,"href":"https:\/\/formalprision.com\/index.php?rest_route=\/wp\/v2\/media\/29107"}],"wp:attachment":[{"href":"https:\/\/formalprision.com\/index.php?rest_route=%2Fwp%2Fv2%2Fmedia&parent=9680"}],"wp:term":[{"taxonomy":"category","embeddable":true,"href":"https:\/\/formalprision.com\/index.php?rest_route=%2Fwp%2Fv2%2Fcategories&post=9680"},{"taxonomy":"post_tag","embeddable":true,"href":"https:\/\/formalprision.com\/index.php?rest_route=%2Fwp%2Fv2%2Ftags&post=9680"}],"curies":[{"name":"wp","href":"https:\/\/api.w.org\/{rel}","templated":true}]}}