{"id":9689,"date":"2010-06-13T05:51:00","date_gmt":"2010-06-13T05:51:00","guid":{"rendered":"http:\/\/formalprision.info\/2010\/06\/13\/detenido-gutemalteco-violador\/"},"modified":"2015-06-03T09:02:05","modified_gmt":"2015-06-03T09:02:05","slug":"detenido-gutemalteco-violador","status":"publish","type":"post","link":"https:\/\/formalprision.com\/?p=9689","title":{"rendered":"Detenido gutemalteco violador"},"content":{"rendered":"<p><a href=\"http:\/\/3.bp.blogspot.com\/_QwiJz8zwaOw\/TBR0SA50s6I\/AAAAAAAAAv0\/uVbgAtk4ThU\/s1600\/aaaguatema.JPG\"><img decoding=\"async\" id=\"BLOGGER_PHOTO_ID_5482134499245732770\" style=\"FLOAT: left; MARGIN: 0px 10px 10px 0px; WIDTH: 320px; CURSOR: hand; HEIGHT: 214px\" alt=\"\" src=\"http:\/\/formalprision.com\/wp-content\/uploads\/2010\/06\/aaaguatema.jpg\" border=\"0\" \/><\/a><\/p>\n<div>Agentes judiciales detuvieron al guatemalteco ABRAHAM PASCUAL RAMIREZ, de 22 a\u00f1os de edad. acusado deabuso sexual contra dos peque\u00f1os.<\/div>\n<p><\/p>\n<div>El tipejo fue arrigado ayer mismo por los delitos de corrupcion de menores e incapaces, abuso sexual y violacion equiparada, denunciados por N.CH.M (en agravio de una menor de 10 a\u00f1os de edad y por L.CHI.M. en agravio de un menor de cuatro a\u00f1os de edad.<br \/>Al respecto, la madre y la t\u00eda de los menores, coincidieron en se\u00f1alar que el presunto autor de los abusos es de origen guatemalteco y sostiene una relaci\u00f3n sentimental con la primera de ellas, con quien procre\u00f3 un hijo (el ni\u00f1o de cuatro a\u00f1os ya citado) y mismo que fung\u00eda como padrastro de la ni\u00f1a afectada, a la que manten\u00eda bajo amenazas para que no dijera lo que estaba pasando.<br \/>Al hacer del conocimiento del Ministerio P\u00fablico sobre las conductas delictivas del indiciado, la menor de edad refiri\u00f3 que fueron muchas las ocasiones en el que sujeto abus\u00f3 de ella, situaci\u00f3n que qued\u00f3 de manifiesto mediante los ex\u00e1menes psicol\u00f3gicos y m\u00e9dicos efectuados por personal calificado de la dependencia.<br \/>Igual valoraci\u00f3n se efectu\u00f3 al menor de cuatro a\u00f1os de edad, al que el sujeto no atac\u00f3 f\u00edsicamente, pero si obligaba a observar cuando el depravado agred\u00eda sexualmente a su media hermana, haci\u00e9ndose notar que ambos ni\u00f1os se refer\u00edan a su agresor como \u201cpap\u00e1\u201d, aunque el ni\u00f1o tampoco lleva los apellidos de su progenitor porque \u00e9ste aleg\u00f3 su origen guatemalteco y no lo reconoci\u00f3.<br \/>Los hechos relatados por la peque\u00f1a, quien indic\u00f3 que los abusos eran continuos cuando su madre sal\u00eda a trabajar, e incluso por las madrugadas, siempre bajo la amenaza de que si dec\u00eda algo, iba a lesionar a su progenitora, a su hermanito y a ella misma, y con la idea de que ya hab\u00eda presenciado una golpiza a su madre, la menor prefer\u00eda callar porque no quer\u00eda que eso volviera a suceder. <\/div>\n","protected":false},"excerpt":{"rendered":"<p>Agentes judiciales detuvieron al guatemalteco ABRAHAM PASCUAL RAMIREZ, de 22 a\u00f1os de edad. acusado deabuso sexual contra dos peque\u00f1os. El tipejo fue arrigado ayer mismo por los delitos de corrupcion<\/p>\n","protected":false},"author":1,"featured_media":29123,"comment_status":"open","ping_status":"open","sticky":false,"template":"","format":"standard","meta":{"jetpack_post_was_ever_published":false,"_jetpack_newsletter_access":"","_jetpack_dont_email_post_to_subs":false,"_jetpack_newsletter_tier_id":0,"_jetpack_memberships_contains_paywalled_content":false,"_jetpack_memberships_contains_paid_content":false,"footnotes":"","jetpack_publicize_message":"","jetpack_publicize_feature_enabled":true,"jetpack_social_post_already_shared":false,"jetpack_social_options":{"image_generator_settings":{"template":"highway","default_image_id":0,"font":"","enabled":false},"version":2}},"categories":[1,55],"tags":[],"class_list":["post-9689","post","type-post","status-publish","format-standard","has-post-thumbnail","hentry","category-sin-categoria","category-violines"],"jetpack_publicize_connections":[],"jetpack_featured_media_url":"https:\/\/formalprision.com\/wp-content\/uploads\/2010\/06\/aaaguatema.jpg","jetpack_sharing_enabled":true,"jetpack_shortlink":"https:\/\/wp.me\/p6id8p-2wh","_links":{"self":[{"href":"https:\/\/formalprision.com\/index.php?rest_route=\/wp\/v2\/posts\/9689","targetHints":{"allow":["GET"]}}],"collection":[{"href":"https:\/\/formalprision.com\/index.php?rest_route=\/wp\/v2\/posts"}],"about":[{"href":"https:\/\/formalprision.com\/index.php?rest_route=\/wp\/v2\/types\/post"}],"author":[{"embeddable":true,"href":"https:\/\/formalprision.com\/index.php?rest_route=\/wp\/v2\/users\/1"}],"replies":[{"embeddable":true,"href":"https:\/\/formalprision.com\/index.php?rest_route=%2Fwp%2Fv2%2Fcomments&post=9689"}],"version-history":[{"count":0,"href":"https:\/\/formalprision.com\/index.php?rest_route=\/wp\/v2\/posts\/9689\/revisions"}],"wp:featuredmedia":[{"embeddable":true,"href":"https:\/\/formalprision.com\/index.php?rest_route=\/wp\/v2\/media\/29123"}],"wp:attachment":[{"href":"https:\/\/formalprision.com\/index.php?rest_route=%2Fwp%2Fv2%2Fmedia&parent=9689"}],"wp:term":[{"taxonomy":"category","embeddable":true,"href":"https:\/\/formalprision.com\/index.php?rest_route=%2Fwp%2Fv2%2Fcategories&post=9689"},{"taxonomy":"post_tag","embeddable":true,"href":"https:\/\/formalprision.com\/index.php?rest_route=%2Fwp%2Fv2%2Ftags&post=9689"}],"curies":[{"name":"wp","href":"https:\/\/api.w.org\/{rel}","templated":true}]}}