{"id":9709,"date":"2010-06-09T04:24:00","date_gmt":"2010-06-09T04:24:00","guid":{"rendered":"http:\/\/formalprision.info\/2010\/06\/09\/envian-al-penal-par-de-ratas-feas\/"},"modified":"2015-06-03T09:02:10","modified_gmt":"2015-06-03T09:02:10","slug":"envian-al-penal-par-de-ratas-feas","status":"publish","type":"post","link":"https:\/\/formalprision.com\/?p=9709","title":{"rendered":"Env\u00edan al penal a par de ratas feas"},"content":{"rendered":"<p><a href=\"http:\/\/1.bp.blogspot.com\/_QwiJz8zwaOw\/TA8YIdpCdLI\/AAAAAAAAAt0\/hdtfSjwLBXs\/s1600\/aULIO_GREGORIO_.JPG\"><img decoding=\"async\" id=\"BLOGGER_PHOTO_ID_5480625805207958706\" style=\"FLOAT: left; MARGIN: 0px 10px 10px 0px; WIDTH: 214px; CURSOR: hand; HEIGHT: 320px\" alt=\"\" src=\"http:\/\/formalprision.com\/wp-content\/uploads\/2010\/06\/aULIO_GREGORIO_.jpg\" border=\"0\" \/><\/a><\/p>\n<div>La Procuradur\u00eda General de Justicia del Estado consign\u00f3 al Centro de Readaptaci\u00f3n Social del Estado a dos ratas que fueron detenidas poco despu\u00e9s de haber cometido sendos robos, uno a casa habitaci\u00f3n y el segundo a un transe\u00fante al que incluso agredi\u00f3 a golpes.<br \/>El primero de los detenidos fue identificado como JULIO GREGORIO BASTO DZIB, como probable responsable en la comisi\u00f3n del delito de robo calificado cometido en estado de ebriedad, il\u00edcito previsto y sancionado con pena corporal por el C\u00f3digo Penal del Estado, y denunciado por Elba Esperanza Calder\u00f3n del Rivero.<br \/>En la causa penal 840\/4\u00aa\/2010 se asienta que por la noche del pasado cinco de los corrientes, el ahora detenido vagaba en estado de ebriedad por la colonia M\u00e9xico Oriente y al pasar a las puertas del predio 206-A ubicado en la calle 18 entre 21 y 23 de la colonia M\u00e9xico Oriente, se percat\u00f3 de que en el porche se encontraba estacionado un veh\u00edculo Suzuki tipo Swif, de color rojo y placas DGA-58-89 del Estado de Campeche, y se introdujo al predio con intenciones de cometer un robo.<br \/>Para suerte del maleante, el auto se encontraba sin seguros, por lo que f\u00e1cilmente pudo abrir una de las portezuelas y apoderarse del asiento posterior de un juego de llaves pasacorriente y un par de reflejantes con su respectivo estuche, con los que procedi\u00f3 a darse a la fuga.<br \/>Sin embargo, al estar escapando, fue visto por la ahora denunciante que sali\u00f3 acompa\u00f1ada de un conocido, quienes de inmediato llamaron al n\u00famero de emergencias y al llegar un grupo de agentes se logr\u00f3 la detenci\u00f3n del malviviente que fue trasladado a la c\u00e1rcel p\u00fablica<br \/>En el segundo caso, fue detenido OSWALDO CABRERA MORAN, por los delitos de tentativa de robo con violencia y lesiones, denunciado mediante el acta 862\/5\u00aa\/2010 por el afectado Aristedis Canto V\u00e1zquez.<br \/>En la indagatoria seguida se indica que los hechos tuvieron lugar en horas de la tarde del pasado seis de los corrientes cuando el ahora denunciante se encontraba en la Plaza Grande del centro de la ciudad, a la altura de las calles 63 entre 60 y 62, cuando repentinamente fue interceptado por un desconocido (ahora detenido), quien lo agredi\u00f3 f\u00edsicamente y le exigi\u00f3 dinero.<br \/>Debido a que el aludido se neg\u00f3, fue agredido nuevamente, aunque ni as\u00ed logr\u00f3 obtener algo de valor el ladr\u00f3n, quien al verse frustrado corri\u00f3 tratando de darse a la fuga, aunque fue localizado cerca del sitio por agentes polic\u00edacos que lo trasladaron a la c\u00e1rcel p\u00fablica y m\u00e1s tarde al Ministerio P\u00fablico, de donde ya con la denuncia, hoy se le consign\u00f3 al Centro de Readaptaci\u00f3n Social del Estado.<\/div>\n","protected":false},"excerpt":{"rendered":"<p>La Procuradur\u00eda General de Justicia del Estado consign\u00f3 al Centro de Readaptaci\u00f3n Social del Estado a dos ratas que fueron detenidas poco despu\u00e9s de haber cometido sendos robos, uno a<\/p>\n","protected":false},"author":1,"featured_media":29159,"comment_status":"open","ping_status":"open","sticky":false,"template":"","format":"standard","meta":{"jetpack_post_was_ever_published":false,"_jetpack_newsletter_access":"","_jetpack_dont_email_post_to_subs":false,"_jetpack_newsletter_tier_id":0,"_jetpack_memberships_contains_paywalled_content":false,"_jetpack_memberships_contains_paid_content":false,"footnotes":"","jetpack_publicize_message":"","jetpack_publicize_feature_enabled":true,"jetpack_social_post_already_shared":false,"jetpack_social_options":{"image_generator_settings":{"template":"highway","default_image_id":0,"font":"","enabled":false},"version":2}},"categories":[57,1],"tags":[],"class_list":["post-9709","post","type-post","status-publish","format-standard","has-post-thumbnail","hentry","category-ratas","category-sin-categoria"],"jetpack_publicize_connections":[],"jetpack_featured_media_url":"https:\/\/formalprision.com\/wp-content\/uploads\/2010\/06\/aULIO_GREGORIO_.jpg","jetpack_sharing_enabled":true,"jetpack_shortlink":"https:\/\/wp.me\/p6id8p-2wB","_links":{"self":[{"href":"https:\/\/formalprision.com\/index.php?rest_route=\/wp\/v2\/posts\/9709","targetHints":{"allow":["GET"]}}],"collection":[{"href":"https:\/\/formalprision.com\/index.php?rest_route=\/wp\/v2\/posts"}],"about":[{"href":"https:\/\/formalprision.com\/index.php?rest_route=\/wp\/v2\/types\/post"}],"author":[{"embeddable":true,"href":"https:\/\/formalprision.com\/index.php?rest_route=\/wp\/v2\/users\/1"}],"replies":[{"embeddable":true,"href":"https:\/\/formalprision.com\/index.php?rest_route=%2Fwp%2Fv2%2Fcomments&post=9709"}],"version-history":[{"count":0,"href":"https:\/\/formalprision.com\/index.php?rest_route=\/wp\/v2\/posts\/9709\/revisions"}],"wp:featuredmedia":[{"embeddable":true,"href":"https:\/\/formalprision.com\/index.php?rest_route=\/wp\/v2\/media\/29159"}],"wp:attachment":[{"href":"https:\/\/formalprision.com\/index.php?rest_route=%2Fwp%2Fv2%2Fmedia&parent=9709"}],"wp:term":[{"taxonomy":"category","embeddable":true,"href":"https:\/\/formalprision.com\/index.php?rest_route=%2Fwp%2Fv2%2Fcategories&post=9709"},{"taxonomy":"post_tag","embeddable":true,"href":"https:\/\/formalprision.com\/index.php?rest_route=%2Fwp%2Fv2%2Ftags&post=9709"}],"curies":[{"name":"wp","href":"https:\/\/api.w.org\/{rel}","templated":true}]}}