{"id":9719,"date":"2010-06-06T06:00:00","date_gmt":"2010-06-06T06:00:00","guid":{"rendered":"http:\/\/formalprision.info\/2010\/06\/06\/fallece-taxista-en-el-periferico\/"},"modified":"2015-06-03T09:02:12","modified_gmt":"2015-06-03T09:02:12","slug":"fallece-taxista-en-el-periferico","status":"publish","type":"post","link":"https:\/\/formalprision.com\/?p=9719","title":{"rendered":"Fallece taxista en el Perif\u00e9rico"},"content":{"rendered":"<p>El taxista Andr\u00e9s Medardo Alonzo Puc falleci\u00f3 la tarde de este s\u00e1bado cuando el veh\u00edculo que conduc\u00eda sobre el Anillo Perif\u00e9rico se sali\u00f3 de la cinta asf\u00e1ltica y se estrell\u00f3 on un \u00e1rbol.<br \/>Falleci\u00f3 en forma instantanea, pues el impacto fue brutal, quedando el taxi incrustado en el \u00e1rbol.<br \/>El accidente ocurri\u00f3 alrededor de las 5:30 de la tarde, parad\u00f3jicamente cerca del local social del Frente \u00danico de Trabajadores del Volante, agrupaci\u00f3n a la que pertenec\u00eda el occiso.<br \/>Al lugar acudieron bomberos y param\u00e9dicos, pero ya era demasiado tarde.<\/p>\n","protected":false},"excerpt":{"rendered":"<p>El taxista Andr\u00e9s Medardo Alonzo Puc falleci\u00f3 la tarde de este s\u00e1bado cuando el veh\u00edculo que conduc\u00eda sobre el Anillo Perif\u00e9rico se sali\u00f3 de la cinta asf\u00e1ltica y se estrell\u00f3<\/p>\n","protected":false},"author":1,"featured_media":0,"comment_status":"open","ping_status":"open","sticky":false,"template":"","format":"standard","meta":{"jetpack_post_was_ever_published":false,"_jetpack_newsletter_access":"","_jetpack_dont_email_post_to_subs":false,"_jetpack_newsletter_tier_id":0,"_jetpack_memberships_contains_paywalled_content":false,"_jetpack_memberships_contains_paid_content":false,"footnotes":"","jetpack_publicize_message":"","jetpack_publicize_feature_enabled":true,"jetpack_social_post_already_shared":false,"jetpack_social_options":{"image_generator_settings":{"template":"highway","default_image_id":0,"font":"","enabled":false},"version":2}},"categories":[60,1],"tags":[],"class_list":["post-9719","post","type-post","status-publish","format-standard","hentry","category-cafres","category-sin-categoria"],"jetpack_publicize_connections":[],"jetpack_featured_media_url":"","jetpack_sharing_enabled":true,"jetpack_shortlink":"https:\/\/wp.me\/p6id8p-2wL","_links":{"self":[{"href":"https:\/\/formalprision.com\/index.php?rest_route=\/wp\/v2\/posts\/9719","targetHints":{"allow":["GET"]}}],"collection":[{"href":"https:\/\/formalprision.com\/index.php?rest_route=\/wp\/v2\/posts"}],"about":[{"href":"https:\/\/formalprision.com\/index.php?rest_route=\/wp\/v2\/types\/post"}],"author":[{"embeddable":true,"href":"https:\/\/formalprision.com\/index.php?rest_route=\/wp\/v2\/users\/1"}],"replies":[{"embeddable":true,"href":"https:\/\/formalprision.com\/index.php?rest_route=%2Fwp%2Fv2%2Fcomments&post=9719"}],"version-history":[{"count":0,"href":"https:\/\/formalprision.com\/index.php?rest_route=\/wp\/v2\/posts\/9719\/revisions"}],"wp:attachment":[{"href":"https:\/\/formalprision.com\/index.php?rest_route=%2Fwp%2Fv2%2Fmedia&parent=9719"}],"wp:term":[{"taxonomy":"category","embeddable":true,"href":"https:\/\/formalprision.com\/index.php?rest_route=%2Fwp%2Fv2%2Fcategories&post=9719"},{"taxonomy":"post_tag","embeddable":true,"href":"https:\/\/formalprision.com\/index.php?rest_route=%2Fwp%2Fv2%2Ftags&post=9719"}],"curies":[{"name":"wp","href":"https:\/\/api.w.org\/{rel}","templated":true}]}}