{"id":9725,"date":"2010-06-02T18:10:00","date_gmt":"2010-06-02T18:10:00","guid":{"rendered":"http:\/\/formalprision.info\/2010\/06\/02\/le-dan-en-la-madrina-un-reportero\/"},"modified":"2015-06-03T09:02:13","modified_gmt":"2015-06-03T09:02:13","slug":"le-dan-en-la-madrina-un-reportero","status":"publish","type":"post","link":"https:\/\/formalprision.com\/?p=9725","title":{"rendered":"Le dan en la madrina a un reportero"},"content":{"rendered":"<p><a onblur=\"try {parent.deselectBloggerImageGracefully();} catch(e) {}\" href=\"http:\/\/4.bp.blogspot.com\/_QwiJz8zwaOw\/TAag2TeqxqI\/AAAAAAAAAr0\/GlskxVbxM3o\/s1600\/rep.jpg\"><img decoding=\"async\" style=\"float: left; margin: 0pt 10px 10px 0pt; cursor: pointer; width: 224px; height: 267px;\" src=\"http:\/\/formalprision.com\/wp-content\/uploads\/2010\/06\/rep.jpg\" alt=\"\" id=\"BLOGGER_PHOTO_ID_5478242851545073314\" border=\"0\" \/><\/a>Por andar de chismoso, un reportero del Diario de Yucat\u00e1n fue golpeado ayer por vecinos de Sey\u00e9, quienes presuntamente son afines al PRI en ese comunidad.<br \/>El reportero Edwin Canch\u00e9 Pech, se meti\u00f3 en l\u00edos por recientes publicaciones realizadas en su medio y recibi\u00f3 tremenda golpiza terminando con toda una bola de guamazos en su cara, fractura del tabique nasal y heridas en el l\u00f3bulo derecho.<br \/>Los agresores se ensa\u00f1aron con el comunicador que solo se limita a cumplir \u00f3rdenes y a cubrir eventos como parte de su trabajo, pero al parecer ninguno ha comprendido todav\u00eda esa parte de la labor period\u00edstica.<br \/>Claro que por la zapatiza que le dieron no se qued\u00f3 pajita y hasta fue a denunciar a sus agresores, a quienes identific\u00f3 como \u00abPedazo\u00bb y dos mujeres m\u00e1s, que luego de la madrina que le dieron entre los tres, se refugiaron en la casa del ex aspirante priista a la presidencia municipal, Ermilo Dzul.<br \/>En la denuncian acus\u00f3 a quien resulte responsable, pues los golpes tambi\u00e9n le tocaron a su madre Socorro Pech Canul.<\/p>\n","protected":false},"excerpt":{"rendered":"<p>Por andar de chismoso, un reportero del Diario de Yucat\u00e1n fue golpeado ayer por vecinos de Sey\u00e9, quienes presuntamente son afines al PRI en ese comunidad.El reportero Edwin Canch\u00e9 Pech,<\/p>\n","protected":false},"author":1,"featured_media":29190,"comment_status":"open","ping_status":"open","sticky":false,"template":"","format":"standard","meta":{"jetpack_post_was_ever_published":false,"_jetpack_newsletter_access":"","_jetpack_dont_email_post_to_subs":false,"_jetpack_newsletter_tier_id":0,"_jetpack_memberships_contains_paywalled_content":false,"_jetpack_memberships_contains_paid_content":false,"footnotes":"","jetpack_publicize_message":"","jetpack_publicize_feature_enabled":true,"jetpack_social_post_already_shared":false,"jetpack_social_options":{"image_generator_settings":{"template":"highway","default_image_id":0,"font":"","enabled":false},"version":2}},"categories":[50,1],"tags":[],"class_list":["post-9725","post","type-post","status-publish","format-standard","has-post-thumbnail","hentry","category-machines","category-sin-categoria"],"jetpack_publicize_connections":[],"jetpack_featured_media_url":"https:\/\/formalprision.com\/wp-content\/uploads\/2010\/06\/rep.jpg","jetpack_sharing_enabled":true,"jetpack_shortlink":"https:\/\/wp.me\/p6id8p-2wR","_links":{"self":[{"href":"https:\/\/formalprision.com\/index.php?rest_route=\/wp\/v2\/posts\/9725","targetHints":{"allow":["GET"]}}],"collection":[{"href":"https:\/\/formalprision.com\/index.php?rest_route=\/wp\/v2\/posts"}],"about":[{"href":"https:\/\/formalprision.com\/index.php?rest_route=\/wp\/v2\/types\/post"}],"author":[{"embeddable":true,"href":"https:\/\/formalprision.com\/index.php?rest_route=\/wp\/v2\/users\/1"}],"replies":[{"embeddable":true,"href":"https:\/\/formalprision.com\/index.php?rest_route=%2Fwp%2Fv2%2Fcomments&post=9725"}],"version-history":[{"count":0,"href":"https:\/\/formalprision.com\/index.php?rest_route=\/wp\/v2\/posts\/9725\/revisions"}],"wp:featuredmedia":[{"embeddable":true,"href":"https:\/\/formalprision.com\/index.php?rest_route=\/wp\/v2\/media\/29190"}],"wp:attachment":[{"href":"https:\/\/formalprision.com\/index.php?rest_route=%2Fwp%2Fv2%2Fmedia&parent=9725"}],"wp:term":[{"taxonomy":"category","embeddable":true,"href":"https:\/\/formalprision.com\/index.php?rest_route=%2Fwp%2Fv2%2Fcategories&post=9725"},{"taxonomy":"post_tag","embeddable":true,"href":"https:\/\/formalprision.com\/index.php?rest_route=%2Fwp%2Fv2%2Ftags&post=9725"}],"curies":[{"name":"wp","href":"https:\/\/api.w.org\/{rel}","templated":true}]}}