{"id":9727,"date":"2010-06-02T16:29:00","date_gmt":"2010-06-02T16:29:00","guid":{"rendered":"http:\/\/formalprision.info\/2010\/06\/02\/le-pego-un-comerciante-en-su-huida\/"},"modified":"2015-06-03T09:02:13","modified_gmt":"2015-06-03T09:02:13","slug":"le-pego-un-comerciante-en-su-huida","status":"publish","type":"post","link":"https:\/\/formalprision.com\/?p=9727","title":{"rendered":"Le peg\u00f3 a un comerciante en su huida"},"content":{"rendered":"<p><a href=\"http:\/\/3.bp.blogspot.com\/_QwiJz8zwaOw\/TAXs1KrPXfI\/AAAAAAAAArs\/o5BdpPWB7OU\/s1600\/aOSADO.JPG\"><img decoding=\"async\" id=\"BLOGGER_PHOTO_ID_5478044919909015026\" style=\"FLOAT: left; MARGIN: 0px 10px 10px 0px; WIDTH: 214px; CURSOR: hand; HEIGHT: 320px\" alt=\"\" src=\"http:\/\/formalprision.com\/wp-content\/uploads\/2010\/06\/aOSADO.jpg\" border=\"0\" \/><\/a><\/p>\n<div>Adem\u00e1s de robar una cartera, Ricardo Antonio Rosado Lara (a) \u201cEl Negro\u201d, le peg\u00f3 a un comerciante del centro de esta ciudad.<\/div>\n<div>Fue denunciado por Silvia Patricia Braga Mart\u00ednez y Jos\u00e9 Manuel Zapata Arg\u00e1ez. A la primera le rob\u00f3 y al otro le peg\u00f3.<\/div>\n<div>Al interponer su denuncia con n\u00famero 753\/9\u00aa\/2010, los afectados indicaron que eran cerca de las 14:30 horas del pasado 29 de mayo cuando el ahora detenido caminaba por la calle 58 del centro de la ciudad y al ver pasar a la primera denunciante, le arrebat\u00f3 su cartera que conten\u00eda mil 900 pesos en efectivo y se dio a la fuga.<br \/>Durante su hu\u00edda, el sujeto se introdujo a una negociaci\u00f3n de ropa denominada \u201cNovedades Celia\u201d ubicada en el pasaje Cecilio Chi, propiedad del segundo denunciante, con el que se encontr\u00f3 de frente y al que le propin\u00f3 un pu\u00f1etazo a la altura del ojo izquierdo, as\u00ed como un golpe en la nariz, de manera que al dejarlo aturdido, aprovech\u00f3 para arrebatarle una soguilla de oro de 14 kilates, y despu\u00e9s de apoderarse de tres bermudas de mezclilla, con las que trat\u00f3 de darse a la fuga, aunque fue detenido cerca del sitio por agentes polic\u00edacos. <\/div>\n","protected":false},"excerpt":{"rendered":"<p>Adem\u00e1s de robar una cartera, Ricardo Antonio Rosado Lara (a) \u201cEl Negro\u201d, le peg\u00f3 a un comerciante del centro de esta ciudad. Fue denunciado por Silvia Patricia Braga Mart\u00ednez y<\/p>\n","protected":false},"author":1,"featured_media":29194,"comment_status":"open","ping_status":"open","sticky":false,"template":"","format":"standard","meta":{"jetpack_post_was_ever_published":false,"_jetpack_newsletter_access":"","_jetpack_dont_email_post_to_subs":false,"_jetpack_newsletter_tier_id":0,"_jetpack_memberships_contains_paywalled_content":false,"_jetpack_memberships_contains_paid_content":false,"footnotes":"","jetpack_publicize_message":"","jetpack_publicize_feature_enabled":true,"jetpack_social_post_already_shared":false,"jetpack_social_options":{"image_generator_settings":{"template":"highway","default_image_id":0,"font":"","enabled":false},"version":2}},"categories":[57,1],"tags":[],"class_list":["post-9727","post","type-post","status-publish","format-standard","has-post-thumbnail","hentry","category-ratas","category-sin-categoria"],"jetpack_publicize_connections":[],"jetpack_featured_media_url":"https:\/\/formalprision.com\/wp-content\/uploads\/2010\/06\/aOSADO.jpg","jetpack_sharing_enabled":true,"jetpack_shortlink":"https:\/\/wp.me\/p6id8p-2wT","_links":{"self":[{"href":"https:\/\/formalprision.com\/index.php?rest_route=\/wp\/v2\/posts\/9727","targetHints":{"allow":["GET"]}}],"collection":[{"href":"https:\/\/formalprision.com\/index.php?rest_route=\/wp\/v2\/posts"}],"about":[{"href":"https:\/\/formalprision.com\/index.php?rest_route=\/wp\/v2\/types\/post"}],"author":[{"embeddable":true,"href":"https:\/\/formalprision.com\/index.php?rest_route=\/wp\/v2\/users\/1"}],"replies":[{"embeddable":true,"href":"https:\/\/formalprision.com\/index.php?rest_route=%2Fwp%2Fv2%2Fcomments&post=9727"}],"version-history":[{"count":0,"href":"https:\/\/formalprision.com\/index.php?rest_route=\/wp\/v2\/posts\/9727\/revisions"}],"wp:featuredmedia":[{"embeddable":true,"href":"https:\/\/formalprision.com\/index.php?rest_route=\/wp\/v2\/media\/29194"}],"wp:attachment":[{"href":"https:\/\/formalprision.com\/index.php?rest_route=%2Fwp%2Fv2%2Fmedia&parent=9727"}],"wp:term":[{"taxonomy":"category","embeddable":true,"href":"https:\/\/formalprision.com\/index.php?rest_route=%2Fwp%2Fv2%2Fcategories&post=9727"},{"taxonomy":"post_tag","embeddable":true,"href":"https:\/\/formalprision.com\/index.php?rest_route=%2Fwp%2Fv2%2Ftags&post=9727"}],"curies":[{"name":"wp","href":"https:\/\/api.w.org\/{rel}","templated":true}]}}